{"id":8352,"date":"2020-01-22T08:45:46","date_gmt":"2020-01-22T07:45:46","guid":{"rendered":"http:\/\/maquinser.com\/?p=8352"},"modified":"2020-01-22T08:45:46","modified_gmt":"2020-01-22T07:45:46","slug":"expodental-2020","status":"publish","type":"post","link":"https:\/\/maquinser.com\/pt-pt\/expodental-2020\/","title":{"rendered":"Expodental 2020"},"content":{"rendered":"<p>Expodental 2020 &#8211; TECNOLOGIA AO SERVI\u00c7O DOS PROFISSIONAIS<\/p>\n<p>A Maquinser participar\u00e1 no pr\u00f3ximo m\u00eas de mar\u00e7o no Exposi\u00e7\u00e3o Internacional de Equipamentos, Produtos e Servi\u00e7os Odontol\u00f3gicos &#8211; Expodental 2020 &#8211; que na sua \u00faltima edi\u00e7\u00e3o na IFEMA, contou com uma \u00e1rea de exposi\u00e7\u00e3o de mais de 22 mil m2 e quase 40 mil visitantes. <a href=\"https:\/\/www.ifema.es\/en\/expodental\" target=\"_blank\" rel=\"noopener noreferrer\">EXPODENTAL<\/a>, que tem uma nova imagem para destacar o papel da \u201cTecnologia ao Servi\u00e7o dos Profissionais\u201d, ser\u00e1 realizada de 12 a 14 de mar\u00e7o de 2020 (quinta-feira a s\u00e1bado) nos pavilh\u00f5es 2, 4, 6 e 8 da Feira de Madrid.<\/p>\n<p>A Maquinser estar\u00e1 localizada no pavilh\u00e3o 8 <strong>Stand B10 [8B10]<\/strong> e apresentar\u00e1 na sua solu\u00e7\u00e3o h\u00edbrida para o setor odontol\u00f3gico, um processo h\u00edbrido que combina o melhor da tecnologia aditiva para metais da <a href=\"http:\/\/maquinser.com\/pt-pt\/ge-additive\/\" target=\"_blank\" rel=\"noopener noreferrer\">GE Additive<\/a> e da fabrica\u00e7\u00e3o de alta precis\u00e3o da Datron;<\/p>\n<p>A <strong>solu\u00e7\u00e3o h\u00edbrida<\/strong> reduz o custo total do processo at\u00e9 50%, melhorando a efici\u00eancia do material e reduzindo o custo de produ\u00e7\u00e3o.<\/p>\n<p>A Maquinser tamb\u00e9m ter\u00e1 um dos tornos de cabe\u00e7ote m\u00f3vel mais adequados para os setores m\u00e9dico e odontol\u00f3gico &#8211; <a href=\"http:\/\/maquinser.com\/pt-pt\/tsugami\/\" target=\"_blank\" rel=\"noopener noreferrer\">Tsugami<\/a> <strong>H206<\/strong> &#8211; para a fabrica\u00e7\u00e3o de implantes dent\u00e1rios e acess\u00f3rios.<\/p>\n<p><strong>Visite o nosso stand 8B10<\/strong> no IFEMA de 12 a 14 de mar\u00e7o e descubra toda a tecnologia da Maquinser! Estamos \u00e0 sua espera!<\/p>\n<p>&nbsp;<\/p>\n<p>&nbsp;<\/p>\n<p>&nbsp;<\/p>\n","protected":false},"excerpt":{"rendered":"<p>Expodental 2020 &#8211; TECNOLOGIA AO SERVI\u00c7O DOS PROFISSIONAIS A Maquinser participar\u00e1 no pr\u00f3ximo m\u00eas de mar\u00e7o no Exposi\u00e7\u00e3o Internacional de Equipamentos, Produtos e Servi\u00e7os Odontol\u00f3gicos &#8211; Expodental 2020 &#8211; que na sua \u00faltima edi\u00e7\u00e3o na IFEMA, contou com uma \u00e1rea de exposi\u00e7\u00e3o de mais de 22 mil m2 e quase 40 mil visitantes. EXPODENTAL, que&hellip;<\/p>\n","protected":false},"author":2,"featured_media":8345,"comment_status":"closed","ping_status":"open","sticky":false,"template":"","format":"standard","meta":{"footnotes":""},"categories":[1582,44],"tags":[],"post_series":[],"class_list":["post-8352","post","type-post","status-publish","format-standard","has-post-thumbnail","hentry","category-3d-pt-pt","category-noticias-pt-pt","entry","has-media"],"yoast_head":"<!-- This site is optimized with the Yoast SEO plugin v27.5 - https:\/\/yoast.com\/product\/yoast-seo-wordpress\/ -->\n<title>Expodental 2020 - Maquinser. Stand 8B10. Vis\u00edtenos!<\/title>\n<meta name=\"description\" content=\"Maquinser asistir\u00e1 el pr\u00f3ximo mes de marzo al Sal\u00f3n Internacional de Equipos, Productos y Servicios Dentales - Expodental 2020\" \/>\n<meta name=\"robots\" content=\"index, follow, max-snippet:-1, max-image-preview:large, max-video-preview:-1\" \/>\n<link rel=\"canonical\" href=\"https:\/\/maquinser.com\/pt-pt\/expodental-2020\/\" \/>\n<meta property=\"og:locale\" content=\"pt_PT\" \/>\n<meta property=\"og:type\" content=\"article\" \/>\n<meta property=\"og:title\" content=\"Expodental 2020 - Maquinser. Stand 8B10. Vis\u00edtenos!\" \/>\n<meta property=\"og:description\" content=\"Maquinser asistir\u00e1 el pr\u00f3ximo mes de marzo al Sal\u00f3n Internacional de Equipos, Productos y Servicios Dentales - Expodental 2020\" \/>\n<meta property=\"og:url\" content=\"https:\/\/maquinser.com\/pt-pt\/expodental-2020\/\" \/>\n<meta property=\"og:site_name\" content=\"Maquinser - Maquinaria y Servicios para la Industria Metalmec\u00e1nica\" \/>\n<meta property=\"article:publisher\" content=\"http:\/\/fb.me\/Maquinser\" \/>\n<meta property=\"article:published_time\" content=\"2020-01-22T07:45:46+00:00\" \/>\n<meta property=\"og:image\" content=\"https:\/\/maquinser.com\/wp-content\/uploads\/2020\/01\/expodental2020-607x640-1.jpg\" \/>\n\t<meta property=\"og:image:width\" content=\"607\" \/>\n\t<meta property=\"og:image:height\" content=\"640\" \/>\n\t<meta property=\"og:image:type\" content=\"image\/jpeg\" \/>\n<meta name=\"author\" content=\"Joan\" \/>\n<meta name=\"twitter:card\" content=\"summary_large_image\" \/>\n<meta name=\"twitter:creator\" content=\"@Maquinser\" \/>\n<meta name=\"twitter:site\" content=\"@Maquinser\" \/>\n<meta name=\"twitter:label1\" content=\"Escrito por\" \/>\n\t<meta name=\"twitter:data1\" content=\"Joan\" \/>\n\t<meta name=\"twitter:label2\" content=\"Tempo estimado de leitura\" \/>\n\t<meta name=\"twitter:data2\" content=\"1 minuto\" \/>\n<script type=\"application\/ld+json\" class=\"yoast-schema-graph\">{\"@context\":\"https:\\\/\\\/schema.org\",\"@graph\":[{\"@type\":\"Article\",\"@id\":\"https:\\\/\\\/maquinser.com\\\/pt-pt\\\/expodental-2020\\\/#article\",\"isPartOf\":{\"@id\":\"https:\\\/\\\/maquinser.com\\\/pt-pt\\\/expodental-2020\\\/\"},\"author\":{\"name\":\"Joan\",\"@id\":\"https:\\\/\\\/maquinser.com\\\/pt-pt\\\/#\\\/schema\\\/person\\\/ae605362e83ef1d716834c674a782328\"},\"headline\":\"Expodental 2020\",\"datePublished\":\"2020-01-22T07:45:46+00:00\",\"mainEntityOfPage\":{\"@id\":\"https:\\\/\\\/maquinser.com\\\/pt-pt\\\/expodental-2020\\\/\"},\"wordCount\":233,\"publisher\":{\"@id\":\"https:\\\/\\\/maquinser.com\\\/pt-pt\\\/#organization\"},\"image\":{\"@id\":\"https:\\\/\\\/maquinser.com\\\/pt-pt\\\/expodental-2020\\\/#primaryimage\"},\"thumbnailUrl\":\"https:\\\/\\\/maquinser.com\\\/wp-content\\\/uploads\\\/2020\\\/01\\\/expodental2020-607x640-1.jpg\",\"articleSection\":[\"3D\",\"Not\u00edcias @pt-pt\"],\"inLanguage\":\"pt-PT\"},{\"@type\":\"WebPage\",\"@id\":\"https:\\\/\\\/maquinser.com\\\/pt-pt\\\/expodental-2020\\\/\",\"url\":\"https:\\\/\\\/maquinser.com\\\/pt-pt\\\/expodental-2020\\\/\",\"name\":\"Expodental 2020 - Maquinser. Stand 8B10. Vis\u00edtenos!\",\"isPartOf\":{\"@id\":\"https:\\\/\\\/maquinser.com\\\/pt-pt\\\/#website\"},\"primaryImageOfPage\":{\"@id\":\"https:\\\/\\\/maquinser.com\\\/pt-pt\\\/expodental-2020\\\/#primaryimage\"},\"image\":{\"@id\":\"https:\\\/\\\/maquinser.com\\\/pt-pt\\\/expodental-2020\\\/#primaryimage\"},\"thumbnailUrl\":\"https:\\\/\\\/maquinser.com\\\/wp-content\\\/uploads\\\/2020\\\/01\\\/expodental2020-607x640-1.jpg\",\"datePublished\":\"2020-01-22T07:45:46+00:00\",\"description\":\"Maquinser asistir\u00e1 el pr\u00f3ximo mes de marzo al Sal\u00f3n Internacional de Equipos, Productos y Servicios Dentales - Expodental 2020\",\"breadcrumb\":{\"@id\":\"https:\\\/\\\/maquinser.com\\\/pt-pt\\\/expodental-2020\\\/#breadcrumb\"},\"inLanguage\":\"pt-PT\",\"potentialAction\":[{\"@type\":\"ReadAction\",\"target\":[\"https:\\\/\\\/maquinser.com\\\/pt-pt\\\/expodental-2020\\\/\"]}]},{\"@type\":\"ImageObject\",\"inLanguage\":\"pt-PT\",\"@id\":\"https:\\\/\\\/maquinser.com\\\/pt-pt\\\/expodental-2020\\\/#primaryimage\",\"url\":\"https:\\\/\\\/maquinser.com\\\/wp-content\\\/uploads\\\/2020\\\/01\\\/expodental2020-607x640-1.jpg\",\"contentUrl\":\"https:\\\/\\\/maquinser.com\\\/wp-content\\\/uploads\\\/2020\\\/01\\\/expodental2020-607x640-1.jpg\",\"width\":607,\"height\":640,\"caption\":\"Maquinser - Expodental 2020\"},{\"@type\":\"BreadcrumbList\",\"@id\":\"https:\\\/\\\/maquinser.com\\\/pt-pt\\\/expodental-2020\\\/#breadcrumb\",\"itemListElement\":[{\"@type\":\"ListItem\",\"position\":1,\"name\":\"Portada\",\"item\":\"https:\\\/\\\/maquinser.com\\\/pt-pt\\\/\"},{\"@type\":\"ListItem\",\"position\":2,\"name\":\"Expodental 2020\"}]},{\"@type\":\"WebSite\",\"@id\":\"https:\\\/\\\/maquinser.com\\\/pt-pt\\\/#website\",\"url\":\"https:\\\/\\\/maquinser.com\\\/pt-pt\\\/\",\"name\":\"Maquinser - Maquinaria y Servicios para la Industria Metalmec\u00e1nica\",\"description\":\"\",\"publisher\":{\"@id\":\"https:\\\/\\\/maquinser.com\\\/pt-pt\\\/#organization\"},\"potentialAction\":[{\"@type\":\"SearchAction\",\"target\":{\"@type\":\"EntryPoint\",\"urlTemplate\":\"https:\\\/\\\/maquinser.com\\\/pt-pt\\\/?s={search_term_string}\"},\"query-input\":{\"@type\":\"PropertyValueSpecification\",\"valueRequired\":true,\"valueName\":\"search_term_string\"}}],\"inLanguage\":\"pt-PT\"},{\"@type\":\"Organization\",\"@id\":\"https:\\\/\\\/maquinser.com\\\/pt-pt\\\/#organization\",\"name\":\"Maquinser\",\"url\":\"https:\\\/\\\/maquinser.com\\\/pt-pt\\\/\",\"logo\":{\"@type\":\"ImageObject\",\"inLanguage\":\"pt-PT\",\"@id\":\"https:\\\/\\\/maquinser.com\\\/pt-pt\\\/#\\\/schema\\\/logo\\\/image\\\/\",\"url\":\"http:\\\/\\\/maquinser.com\\\/wp-content\\\/uploads\\\/2016\\\/10\\\/MAQUINSER_Logo_oficial.jpg\",\"contentUrl\":\"http:\\\/\\\/maquinser.com\\\/wp-content\\\/uploads\\\/2016\\\/10\\\/MAQUINSER_Logo_oficial.jpg\",\"width\":1411,\"height\":326,\"caption\":\"Maquinser\"},\"image\":{\"@id\":\"https:\\\/\\\/maquinser.com\\\/pt-pt\\\/#\\\/schema\\\/logo\\\/image\\\/\"},\"sameAs\":[\"http:\\\/\\\/fb.me\\\/Maquinser\",\"https:\\\/\\\/x.com\\\/Maquinser\",\"http:\\\/\\\/maquinser20s.a.\"]},{\"@type\":\"Person\",\"@id\":\"https:\\\/\\\/maquinser.com\\\/pt-pt\\\/#\\\/schema\\\/person\\\/ae605362e83ef1d716834c674a782328\",\"name\":\"Joan\",\"image\":{\"@type\":\"ImageObject\",\"inLanguage\":\"pt-PT\",\"@id\":\"https:\\\/\\\/secure.gravatar.com\\\/avatar\\\/0f6b39506da59a35208ad4b294a2a8531e650488ab28a2b5d4f9367d26bebcaf?s=96&d=mm&r=g\",\"url\":\"https:\\\/\\\/secure.gravatar.com\\\/avatar\\\/0f6b39506da59a35208ad4b294a2a8531e650488ab28a2b5d4f9367d26bebcaf?s=96&d=mm&r=g\",\"contentUrl\":\"https:\\\/\\\/secure.gravatar.com\\\/avatar\\\/0f6b39506da59a35208ad4b294a2a8531e650488ab28a2b5d4f9367d26bebcaf?s=96&d=mm&r=g\",\"caption\":\"Joan\"},\"url\":\"https:\\\/\\\/maquinser.com\\\/pt-pt\\\/author\\\/marketing\\\/\"}]}<\/script>\n<!-- \/ Yoast SEO plugin. -->","yoast_head_json":{"title":"Expodental 2020 - Maquinser. Stand 8B10. Vis\u00edtenos!","description":"Maquinser asistir\u00e1 el pr\u00f3ximo mes de marzo al Sal\u00f3n Internacional de Equipos, Productos y Servicios Dentales - Expodental 2020","robots":{"index":"index","follow":"follow","max-snippet":"max-snippet:-1","max-image-preview":"max-image-preview:large","max-video-preview":"max-video-preview:-1"},"canonical":"https:\/\/maquinser.com\/pt-pt\/expodental-2020\/","og_locale":"pt_PT","og_type":"article","og_title":"Expodental 2020 - Maquinser. Stand 8B10. Vis\u00edtenos!","og_description":"Maquinser asistir\u00e1 el pr\u00f3ximo mes de marzo al Sal\u00f3n Internacional de Equipos, Productos y Servicios Dentales - Expodental 2020","og_url":"https:\/\/maquinser.com\/pt-pt\/expodental-2020\/","og_site_name":"Maquinser - Maquinaria y Servicios para la Industria Metalmec\u00e1nica","article_publisher":"http:\/\/fb.me\/Maquinser","article_published_time":"2020-01-22T07:45:46+00:00","og_image":[{"width":607,"height":640,"url":"https:\/\/maquinser.com\/wp-content\/uploads\/2020\/01\/expodental2020-607x640-1.jpg","type":"image\/jpeg"}],"author":"Joan","twitter_card":"summary_large_image","twitter_creator":"@Maquinser","twitter_site":"@Maquinser","twitter_misc":{"Escrito por":"Joan","Tempo estimado de leitura":"1 minuto"},"schema":{"@context":"https:\/\/schema.org","@graph":[{"@type":"Article","@id":"https:\/\/maquinser.com\/pt-pt\/expodental-2020\/#article","isPartOf":{"@id":"https:\/\/maquinser.com\/pt-pt\/expodental-2020\/"},"author":{"name":"Joan","@id":"https:\/\/maquinser.com\/pt-pt\/#\/schema\/person\/ae605362e83ef1d716834c674a782328"},"headline":"Expodental 2020","datePublished":"2020-01-22T07:45:46+00:00","mainEntityOfPage":{"@id":"https:\/\/maquinser.com\/pt-pt\/expodental-2020\/"},"wordCount":233,"publisher":{"@id":"https:\/\/maquinser.com\/pt-pt\/#organization"},"image":{"@id":"https:\/\/maquinser.com\/pt-pt\/expodental-2020\/#primaryimage"},"thumbnailUrl":"https:\/\/maquinser.com\/wp-content\/uploads\/2020\/01\/expodental2020-607x640-1.jpg","articleSection":["3D","Not\u00edcias @pt-pt"],"inLanguage":"pt-PT"},{"@type":"WebPage","@id":"https:\/\/maquinser.com\/pt-pt\/expodental-2020\/","url":"https:\/\/maquinser.com\/pt-pt\/expodental-2020\/","name":"Expodental 2020 - Maquinser. Stand 8B10. Vis\u00edtenos!","isPartOf":{"@id":"https:\/\/maquinser.com\/pt-pt\/#website"},"primaryImageOfPage":{"@id":"https:\/\/maquinser.com\/pt-pt\/expodental-2020\/#primaryimage"},"image":{"@id":"https:\/\/maquinser.com\/pt-pt\/expodental-2020\/#primaryimage"},"thumbnailUrl":"https:\/\/maquinser.com\/wp-content\/uploads\/2020\/01\/expodental2020-607x640-1.jpg","datePublished":"2020-01-22T07:45:46+00:00","description":"Maquinser asistir\u00e1 el pr\u00f3ximo mes de marzo al Sal\u00f3n Internacional de Equipos, Productos y Servicios Dentales - Expodental 2020","breadcrumb":{"@id":"https:\/\/maquinser.com\/pt-pt\/expodental-2020\/#breadcrumb"},"inLanguage":"pt-PT","potentialAction":[{"@type":"ReadAction","target":["https:\/\/maquinser.com\/pt-pt\/expodental-2020\/"]}]},{"@type":"ImageObject","inLanguage":"pt-PT","@id":"https:\/\/maquinser.com\/pt-pt\/expodental-2020\/#primaryimage","url":"https:\/\/maquinser.com\/wp-content\/uploads\/2020\/01\/expodental2020-607x640-1.jpg","contentUrl":"https:\/\/maquinser.com\/wp-content\/uploads\/2020\/01\/expodental2020-607x640-1.jpg","width":607,"height":640,"caption":"Maquinser - Expodental 2020"},{"@type":"BreadcrumbList","@id":"https:\/\/maquinser.com\/pt-pt\/expodental-2020\/#breadcrumb","itemListElement":[{"@type":"ListItem","position":1,"name":"Portada","item":"https:\/\/maquinser.com\/pt-pt\/"},{"@type":"ListItem","position":2,"name":"Expodental 2020"}]},{"@type":"WebSite","@id":"https:\/\/maquinser.com\/pt-pt\/#website","url":"https:\/\/maquinser.com\/pt-pt\/","name":"Maquinser - Maquinaria y Servicios para la Industria Metalmec\u00e1nica","description":"","publisher":{"@id":"https:\/\/maquinser.com\/pt-pt\/#organization"},"potentialAction":[{"@type":"SearchAction","target":{"@type":"EntryPoint","urlTemplate":"https:\/\/maquinser.com\/pt-pt\/?s={search_term_string}"},"query-input":{"@type":"PropertyValueSpecification","valueRequired":true,"valueName":"search_term_string"}}],"inLanguage":"pt-PT"},{"@type":"Organization","@id":"https:\/\/maquinser.com\/pt-pt\/#organization","name":"Maquinser","url":"https:\/\/maquinser.com\/pt-pt\/","logo":{"@type":"ImageObject","inLanguage":"pt-PT","@id":"https:\/\/maquinser.com\/pt-pt\/#\/schema\/logo\/image\/","url":"http:\/\/maquinser.com\/wp-content\/uploads\/2016\/10\/MAQUINSER_Logo_oficial.jpg","contentUrl":"http:\/\/maquinser.com\/wp-content\/uploads\/2016\/10\/MAQUINSER_Logo_oficial.jpg","width":1411,"height":326,"caption":"Maquinser"},"image":{"@id":"https:\/\/maquinser.com\/pt-pt\/#\/schema\/logo\/image\/"},"sameAs":["http:\/\/fb.me\/Maquinser","https:\/\/x.com\/Maquinser","http:\/\/maquinser20s.a."]},{"@type":"Person","@id":"https:\/\/maquinser.com\/pt-pt\/#\/schema\/person\/ae605362e83ef1d716834c674a782328","name":"Joan","image":{"@type":"ImageObject","inLanguage":"pt-PT","@id":"https:\/\/secure.gravatar.com\/avatar\/0f6b39506da59a35208ad4b294a2a8531e650488ab28a2b5d4f9367d26bebcaf?s=96&d=mm&r=g","url":"https:\/\/secure.gravatar.com\/avatar\/0f6b39506da59a35208ad4b294a2a8531e650488ab28a2b5d4f9367d26bebcaf?s=96&d=mm&r=g","contentUrl":"https:\/\/secure.gravatar.com\/avatar\/0f6b39506da59a35208ad4b294a2a8531e650488ab28a2b5d4f9367d26bebcaf?s=96&d=mm&r=g","caption":"Joan"},"url":"https:\/\/maquinser.com\/pt-pt\/author\/marketing\/"}]}},"_links":{"self":[{"href":"https:\/\/maquinser.com\/pt-pt\/wp-json\/wp\/v2\/posts\/8352","targetHints":{"allow":["GET"]}}],"collection":[{"href":"https:\/\/maquinser.com\/pt-pt\/wp-json\/wp\/v2\/posts"}],"about":[{"href":"https:\/\/maquinser.com\/pt-pt\/wp-json\/wp\/v2\/types\/post"}],"author":[{"embeddable":true,"href":"https:\/\/maquinser.com\/pt-pt\/wp-json\/wp\/v2\/users\/2"}],"replies":[{"embeddable":true,"href":"https:\/\/maquinser.com\/pt-pt\/wp-json\/wp\/v2\/comments?post=8352"}],"version-history":[{"count":2,"href":"https:\/\/maquinser.com\/pt-pt\/wp-json\/wp\/v2\/posts\/8352\/revisions"}],"predecessor-version":[{"id":8356,"href":"https:\/\/maquinser.com\/pt-pt\/wp-json\/wp\/v2\/posts\/8352\/revisions\/8356"}],"wp:featuredmedia":[{"embeddable":true,"href":"https:\/\/maquinser.com\/pt-pt\/wp-json\/wp\/v2\/media\/8345"}],"wp:attachment":[{"href":"https:\/\/maquinser.com\/pt-pt\/wp-json\/wp\/v2\/media?parent=8352"}],"wp:term":[{"taxonomy":"category","embeddable":true,"href":"https:\/\/maquinser.com\/pt-pt\/wp-json\/wp\/v2\/categories?post=8352"},{"taxonomy":"post_tag","embeddable":true,"href":"https:\/\/maquinser.com\/pt-pt\/wp-json\/wp\/v2\/tags?post=8352"},{"taxonomy":"post_series","embeddable":true,"href":"https:\/\/maquinser.com\/pt-pt\/wp-json\/wp\/v2\/post_series?post=8352"}],"curies":[{"name":"wp","href":"https:\/\/api.w.org\/{rel}","templated":true}]}}