{"id":2633,"date":"2016-11-08T13:26:33","date_gmt":"2016-11-08T12:26:33","guid":{"rendered":"https:\/\/demo.maquinser.com\/pt-pt\/?p=2633"},"modified":"2016-11-08T13:26:33","modified_gmt":"2016-11-08T12:26:33","slug":"16a-edicion-feria-emaf-2016","status":"publish","type":"post","link":"https:\/\/maquinser.com\/pt-pt\/16a-edicion-feria-emaf-2016\/","title":{"rendered":"16\u00aa edi\u00e7\u00e3o da EMAF"},"content":{"rendered":"<p><span id=\"ctl00_mainContent_ctl01_ctl01_HomepageDestaque1_dvDestaque_lblDestaqueTexto\">A 16\u00aa edi\u00e7\u00e3o da EMAF volta a apresentar a vanguarda das solu\u00e7\u00f5es e tecnologias do futuro durante 4 dias.<\/p>\n<p>A EMAF \u00e9 o maior evento do sector industrial realizado em Portugal. A participa\u00e7\u00e3o das principais empresas de m\u00e1quinas e equipamentos para a ind\u00fastria tornam-na numa das principais feiras da europa.<\/span><\/p>\n<p><strong>Maquinser<\/strong> <span id=\"result_box\" class=\"short_text\" lang=\"pt\"><span class=\"\">estar\u00e1 presente<\/span> <span class=\"\">neste evento<\/span><\/span>, na<strong> Stand 2C06<\/strong>, <strong><span id=\"result_box\" class=\"short_text\" lang=\"pt\">de 23 a 26 <span class=\"\">de novembro.<\/span><\/span><\/strong><\/p>\n<p><span id=\"result_box\" class=\"short_text\" lang=\"pt\"><span class=\"\">Para<\/span> <span class=\"\">mais informa\u00e7\u00f5es<\/span><\/span>, <a href=\"http:\/\/www.emaf.exponor.pt\/\">http:\/\/www.emaf.exponor.pt\/<\/a><\/p>\n","protected":false},"excerpt":{"rendered":"<p>A 16\u00aa edi\u00e7\u00e3o da EMAF volta a apresentar a vanguarda das solu\u00e7\u00f5es e tecnologias do futuro durante 4 dias. A EMAF \u00e9 o maior evento do sector industrial realizado em Portugal. A participa\u00e7\u00e3o das principais empresas de m\u00e1quinas e equipamentos para a ind\u00fastria tornam-na numa das principais feiras da europa. Maquinser estar\u00e1 presente neste evento,&hellip;<\/p>\n","protected":false},"author":2,"featured_media":2629,"comment_status":"closed","ping_status":"open","sticky":false,"template":"","format":"standard","meta":{"footnotes":""},"categories":[44],"tags":[],"post_series":[],"class_list":["post-2633","post","type-post","status-publish","format-standard","has-post-thumbnail","hentry","category-noticias-pt-pt","entry","has-media"],"yoast_head":"<!-- This site is optimized with the Yoast SEO plugin v27.5 - https:\/\/yoast.com\/product\/yoast-seo-wordpress\/ -->\n<title>Maquinser na 16\u00aa edi\u00e7\u00e3o da EMAF 2016<\/title>\n<meta name=\"description\" content=\"A 16\u00aa edi\u00e7\u00e3o da EMAF volta a apresentar a vanguarda das solu\u00e7\u00f5es e tecnologias do futuro durante 4 dias. Maquinser estar\u00e1 na Stand 2C06. Visite-nos!\" \/>\n<meta name=\"robots\" content=\"index, follow, max-snippet:-1, max-image-preview:large, max-video-preview:-1\" \/>\n<link rel=\"canonical\" href=\"https:\/\/maquinser.com\/pt-pt\/16a-edicion-feria-emaf-2016\/\" \/>\n<meta property=\"og:locale\" content=\"pt_PT\" \/>\n<meta property=\"og:type\" content=\"article\" \/>\n<meta property=\"og:title\" content=\"Maquinser na 16\u00aa edi\u00e7\u00e3o da EMAF 2016\" \/>\n<meta property=\"og:description\" content=\"A 16\u00aa edi\u00e7\u00e3o da EMAF volta a apresentar a vanguarda das solu\u00e7\u00f5es e tecnologias do futuro durante 4 dias. Maquinser estar\u00e1 na Stand 2C06. Visite-nos!\" \/>\n<meta property=\"og:url\" content=\"https:\/\/maquinser.com\/pt-pt\/16a-edicion-feria-emaf-2016\/\" \/>\n<meta property=\"og:site_name\" content=\"Maquinser - Maquinaria y Servicios para la Industria Metalmec\u00e1nica\" \/>\n<meta property=\"article:publisher\" content=\"http:\/\/fb.me\/Maquinser\" \/>\n<meta property=\"article:published_time\" content=\"2016-11-08T12:26:33+00:00\" \/>\n<meta property=\"og:image\" content=\"https:\/\/maquinser.com\/wp-content\/uploads\/2016\/11\/maquinser_EMAF_2016_1.jpg\" \/>\n\t<meta property=\"og:image:width\" content=\"650\" \/>\n\t<meta property=\"og:image:height\" content=\"650\" \/>\n\t<meta property=\"og:image:type\" content=\"image\/jpeg\" \/>\n<meta name=\"author\" content=\"Joan\" \/>\n<meta name=\"twitter:card\" content=\"summary_large_image\" \/>\n<meta name=\"twitter:creator\" content=\"@Maquinser\" \/>\n<meta name=\"twitter:site\" content=\"@Maquinser\" \/>\n<meta name=\"twitter:label1\" content=\"Escrito por\" \/>\n\t<meta name=\"twitter:data1\" content=\"Joan\" \/>\n<script type=\"application\/ld+json\" class=\"yoast-schema-graph\">{\"@context\":\"https:\\\/\\\/schema.org\",\"@graph\":[{\"@type\":\"Article\",\"@id\":\"https:\\\/\\\/maquinser.com\\\/pt-pt\\\/16a-edicion-feria-emaf-2016\\\/#article\",\"isPartOf\":{\"@id\":\"https:\\\/\\\/maquinser.com\\\/pt-pt\\\/16a-edicion-feria-emaf-2016\\\/\"},\"author\":{\"name\":\"Joan\",\"@id\":\"https:\\\/\\\/maquinser.com\\\/pt-pt\\\/#\\\/schema\\\/person\\\/ae605362e83ef1d716834c674a782328\"},\"headline\":\"16\u00aa edi\u00e7\u00e3o da EMAF\",\"datePublished\":\"2016-11-08T12:26:33+00:00\",\"mainEntityOfPage\":{\"@id\":\"https:\\\/\\\/maquinser.com\\\/pt-pt\\\/16a-edicion-feria-emaf-2016\\\/\"},\"wordCount\":77,\"publisher\":{\"@id\":\"https:\\\/\\\/maquinser.com\\\/pt-pt\\\/#organization\"},\"image\":{\"@id\":\"https:\\\/\\\/maquinser.com\\\/pt-pt\\\/16a-edicion-feria-emaf-2016\\\/#primaryimage\"},\"thumbnailUrl\":\"https:\\\/\\\/maquinser.com\\\/wp-content\\\/uploads\\\/2016\\\/11\\\/maquinser_EMAF_2016_1.jpg\",\"articleSection\":[\"Not\u00edcias @pt-pt\"],\"inLanguage\":\"pt-PT\"},{\"@type\":\"WebPage\",\"@id\":\"https:\\\/\\\/maquinser.com\\\/pt-pt\\\/16a-edicion-feria-emaf-2016\\\/\",\"url\":\"https:\\\/\\\/maquinser.com\\\/pt-pt\\\/16a-edicion-feria-emaf-2016\\\/\",\"name\":\"Maquinser na 16\u00aa edi\u00e7\u00e3o da EMAF 2016\",\"isPartOf\":{\"@id\":\"https:\\\/\\\/maquinser.com\\\/pt-pt\\\/#website\"},\"primaryImageOfPage\":{\"@id\":\"https:\\\/\\\/maquinser.com\\\/pt-pt\\\/16a-edicion-feria-emaf-2016\\\/#primaryimage\"},\"image\":{\"@id\":\"https:\\\/\\\/maquinser.com\\\/pt-pt\\\/16a-edicion-feria-emaf-2016\\\/#primaryimage\"},\"thumbnailUrl\":\"https:\\\/\\\/maquinser.com\\\/wp-content\\\/uploads\\\/2016\\\/11\\\/maquinser_EMAF_2016_1.jpg\",\"datePublished\":\"2016-11-08T12:26:33+00:00\",\"description\":\"A 16\u00aa edi\u00e7\u00e3o da EMAF volta a apresentar a vanguarda das solu\u00e7\u00f5es e tecnologias do futuro durante 4 dias. Maquinser estar\u00e1 na Stand 2C06. Visite-nos!\",\"breadcrumb\":{\"@id\":\"https:\\\/\\\/maquinser.com\\\/pt-pt\\\/16a-edicion-feria-emaf-2016\\\/#breadcrumb\"},\"inLanguage\":\"pt-PT\",\"potentialAction\":[{\"@type\":\"ReadAction\",\"target\":[\"https:\\\/\\\/maquinser.com\\\/pt-pt\\\/16a-edicion-feria-emaf-2016\\\/\"]}]},{\"@type\":\"ImageObject\",\"inLanguage\":\"pt-PT\",\"@id\":\"https:\\\/\\\/maquinser.com\\\/pt-pt\\\/16a-edicion-feria-emaf-2016\\\/#primaryimage\",\"url\":\"https:\\\/\\\/maquinser.com\\\/wp-content\\\/uploads\\\/2016\\\/11\\\/maquinser_EMAF_2016_1.jpg\",\"contentUrl\":\"https:\\\/\\\/maquinser.com\\\/wp-content\\\/uploads\\\/2016\\\/11\\\/maquinser_EMAF_2016_1.jpg\",\"width\":650,\"height\":650,\"caption\":\"16\u00aa edici\u00f3n de la Feria EMAF 2016\"},{\"@type\":\"BreadcrumbList\",\"@id\":\"https:\\\/\\\/maquinser.com\\\/pt-pt\\\/16a-edicion-feria-emaf-2016\\\/#breadcrumb\",\"itemListElement\":[{\"@type\":\"ListItem\",\"position\":1,\"name\":\"Portada\",\"item\":\"https:\\\/\\\/maquinser.com\\\/pt-pt\\\/\"},{\"@type\":\"ListItem\",\"position\":2,\"name\":\"16\u00aa edi\u00e7\u00e3o da EMAF\"}]},{\"@type\":\"WebSite\",\"@id\":\"https:\\\/\\\/maquinser.com\\\/pt-pt\\\/#website\",\"url\":\"https:\\\/\\\/maquinser.com\\\/pt-pt\\\/\",\"name\":\"Maquinser - Maquinaria y Servicios para la Industria Metalmec\u00e1nica\",\"description\":\"\",\"publisher\":{\"@id\":\"https:\\\/\\\/maquinser.com\\\/pt-pt\\\/#organization\"},\"potentialAction\":[{\"@type\":\"SearchAction\",\"target\":{\"@type\":\"EntryPoint\",\"urlTemplate\":\"https:\\\/\\\/maquinser.com\\\/pt-pt\\\/?s={search_term_string}\"},\"query-input\":{\"@type\":\"PropertyValueSpecification\",\"valueRequired\":true,\"valueName\":\"search_term_string\"}}],\"inLanguage\":\"pt-PT\"},{\"@type\":\"Organization\",\"@id\":\"https:\\\/\\\/maquinser.com\\\/pt-pt\\\/#organization\",\"name\":\"Maquinser\",\"url\":\"https:\\\/\\\/maquinser.com\\\/pt-pt\\\/\",\"logo\":{\"@type\":\"ImageObject\",\"inLanguage\":\"pt-PT\",\"@id\":\"https:\\\/\\\/maquinser.com\\\/pt-pt\\\/#\\\/schema\\\/logo\\\/image\\\/\",\"url\":\"http:\\\/\\\/maquinser.com\\\/wp-content\\\/uploads\\\/2016\\\/10\\\/MAQUINSER_Logo_oficial.jpg\",\"contentUrl\":\"http:\\\/\\\/maquinser.com\\\/wp-content\\\/uploads\\\/2016\\\/10\\\/MAQUINSER_Logo_oficial.jpg\",\"width\":1411,\"height\":326,\"caption\":\"Maquinser\"},\"image\":{\"@id\":\"https:\\\/\\\/maquinser.com\\\/pt-pt\\\/#\\\/schema\\\/logo\\\/image\\\/\"},\"sameAs\":[\"http:\\\/\\\/fb.me\\\/Maquinser\",\"https:\\\/\\\/x.com\\\/Maquinser\",\"http:\\\/\\\/maquinser20s.a.\"]},{\"@type\":\"Person\",\"@id\":\"https:\\\/\\\/maquinser.com\\\/pt-pt\\\/#\\\/schema\\\/person\\\/ae605362e83ef1d716834c674a782328\",\"name\":\"Joan\",\"image\":{\"@type\":\"ImageObject\",\"inLanguage\":\"pt-PT\",\"@id\":\"https:\\\/\\\/secure.gravatar.com\\\/avatar\\\/0f6b39506da59a35208ad4b294a2a8531e650488ab28a2b5d4f9367d26bebcaf?s=96&d=mm&r=g\",\"url\":\"https:\\\/\\\/secure.gravatar.com\\\/avatar\\\/0f6b39506da59a35208ad4b294a2a8531e650488ab28a2b5d4f9367d26bebcaf?s=96&d=mm&r=g\",\"contentUrl\":\"https:\\\/\\\/secure.gravatar.com\\\/avatar\\\/0f6b39506da59a35208ad4b294a2a8531e650488ab28a2b5d4f9367d26bebcaf?s=96&d=mm&r=g\",\"caption\":\"Joan\"},\"url\":\"https:\\\/\\\/maquinser.com\\\/pt-pt\\\/author\\\/marketing\\\/\"}]}<\/script>\n<!-- \/ Yoast SEO plugin. -->","yoast_head_json":{"title":"Maquinser na 16\u00aa edi\u00e7\u00e3o da EMAF 2016","description":"A 16\u00aa edi\u00e7\u00e3o da EMAF volta a apresentar a vanguarda das solu\u00e7\u00f5es e tecnologias do futuro durante 4 dias. Maquinser estar\u00e1 na Stand 2C06. Visite-nos!","robots":{"index":"index","follow":"follow","max-snippet":"max-snippet:-1","max-image-preview":"max-image-preview:large","max-video-preview":"max-video-preview:-1"},"canonical":"https:\/\/maquinser.com\/pt-pt\/16a-edicion-feria-emaf-2016\/","og_locale":"pt_PT","og_type":"article","og_title":"Maquinser na 16\u00aa edi\u00e7\u00e3o da EMAF 2016","og_description":"A 16\u00aa edi\u00e7\u00e3o da EMAF volta a apresentar a vanguarda das solu\u00e7\u00f5es e tecnologias do futuro durante 4 dias. Maquinser estar\u00e1 na Stand 2C06. Visite-nos!","og_url":"https:\/\/maquinser.com\/pt-pt\/16a-edicion-feria-emaf-2016\/","og_site_name":"Maquinser - Maquinaria y Servicios para la Industria Metalmec\u00e1nica","article_publisher":"http:\/\/fb.me\/Maquinser","article_published_time":"2016-11-08T12:26:33+00:00","og_image":[{"width":650,"height":650,"url":"https:\/\/maquinser.com\/wp-content\/uploads\/2016\/11\/maquinser_EMAF_2016_1.jpg","type":"image\/jpeg"}],"author":"Joan","twitter_card":"summary_large_image","twitter_creator":"@Maquinser","twitter_site":"@Maquinser","twitter_misc":{"Escrito por":"Joan"},"schema":{"@context":"https:\/\/schema.org","@graph":[{"@type":"Article","@id":"https:\/\/maquinser.com\/pt-pt\/16a-edicion-feria-emaf-2016\/#article","isPartOf":{"@id":"https:\/\/maquinser.com\/pt-pt\/16a-edicion-feria-emaf-2016\/"},"author":{"name":"Joan","@id":"https:\/\/maquinser.com\/pt-pt\/#\/schema\/person\/ae605362e83ef1d716834c674a782328"},"headline":"16\u00aa edi\u00e7\u00e3o da EMAF","datePublished":"2016-11-08T12:26:33+00:00","mainEntityOfPage":{"@id":"https:\/\/maquinser.com\/pt-pt\/16a-edicion-feria-emaf-2016\/"},"wordCount":77,"publisher":{"@id":"https:\/\/maquinser.com\/pt-pt\/#organization"},"image":{"@id":"https:\/\/maquinser.com\/pt-pt\/16a-edicion-feria-emaf-2016\/#primaryimage"},"thumbnailUrl":"https:\/\/maquinser.com\/wp-content\/uploads\/2016\/11\/maquinser_EMAF_2016_1.jpg","articleSection":["Not\u00edcias @pt-pt"],"inLanguage":"pt-PT"},{"@type":"WebPage","@id":"https:\/\/maquinser.com\/pt-pt\/16a-edicion-feria-emaf-2016\/","url":"https:\/\/maquinser.com\/pt-pt\/16a-edicion-feria-emaf-2016\/","name":"Maquinser na 16\u00aa edi\u00e7\u00e3o da EMAF 2016","isPartOf":{"@id":"https:\/\/maquinser.com\/pt-pt\/#website"},"primaryImageOfPage":{"@id":"https:\/\/maquinser.com\/pt-pt\/16a-edicion-feria-emaf-2016\/#primaryimage"},"image":{"@id":"https:\/\/maquinser.com\/pt-pt\/16a-edicion-feria-emaf-2016\/#primaryimage"},"thumbnailUrl":"https:\/\/maquinser.com\/wp-content\/uploads\/2016\/11\/maquinser_EMAF_2016_1.jpg","datePublished":"2016-11-08T12:26:33+00:00","description":"A 16\u00aa edi\u00e7\u00e3o da EMAF volta a apresentar a vanguarda das solu\u00e7\u00f5es e tecnologias do futuro durante 4 dias. Maquinser estar\u00e1 na Stand 2C06. Visite-nos!","breadcrumb":{"@id":"https:\/\/maquinser.com\/pt-pt\/16a-edicion-feria-emaf-2016\/#breadcrumb"},"inLanguage":"pt-PT","potentialAction":[{"@type":"ReadAction","target":["https:\/\/maquinser.com\/pt-pt\/16a-edicion-feria-emaf-2016\/"]}]},{"@type":"ImageObject","inLanguage":"pt-PT","@id":"https:\/\/maquinser.com\/pt-pt\/16a-edicion-feria-emaf-2016\/#primaryimage","url":"https:\/\/maquinser.com\/wp-content\/uploads\/2016\/11\/maquinser_EMAF_2016_1.jpg","contentUrl":"https:\/\/maquinser.com\/wp-content\/uploads\/2016\/11\/maquinser_EMAF_2016_1.jpg","width":650,"height":650,"caption":"16\u00aa edici\u00f3n de la Feria EMAF 2016"},{"@type":"BreadcrumbList","@id":"https:\/\/maquinser.com\/pt-pt\/16a-edicion-feria-emaf-2016\/#breadcrumb","itemListElement":[{"@type":"ListItem","position":1,"name":"Portada","item":"https:\/\/maquinser.com\/pt-pt\/"},{"@type":"ListItem","position":2,"name":"16\u00aa edi\u00e7\u00e3o da EMAF"}]},{"@type":"WebSite","@id":"https:\/\/maquinser.com\/pt-pt\/#website","url":"https:\/\/maquinser.com\/pt-pt\/","name":"Maquinser - Maquinaria y Servicios para la Industria Metalmec\u00e1nica","description":"","publisher":{"@id":"https:\/\/maquinser.com\/pt-pt\/#organization"},"potentialAction":[{"@type":"SearchAction","target":{"@type":"EntryPoint","urlTemplate":"https:\/\/maquinser.com\/pt-pt\/?s={search_term_string}"},"query-input":{"@type":"PropertyValueSpecification","valueRequired":true,"valueName":"search_term_string"}}],"inLanguage":"pt-PT"},{"@type":"Organization","@id":"https:\/\/maquinser.com\/pt-pt\/#organization","name":"Maquinser","url":"https:\/\/maquinser.com\/pt-pt\/","logo":{"@type":"ImageObject","inLanguage":"pt-PT","@id":"https:\/\/maquinser.com\/pt-pt\/#\/schema\/logo\/image\/","url":"http:\/\/maquinser.com\/wp-content\/uploads\/2016\/10\/MAQUINSER_Logo_oficial.jpg","contentUrl":"http:\/\/maquinser.com\/wp-content\/uploads\/2016\/10\/MAQUINSER_Logo_oficial.jpg","width":1411,"height":326,"caption":"Maquinser"},"image":{"@id":"https:\/\/maquinser.com\/pt-pt\/#\/schema\/logo\/image\/"},"sameAs":["http:\/\/fb.me\/Maquinser","https:\/\/x.com\/Maquinser","http:\/\/maquinser20s.a."]},{"@type":"Person","@id":"https:\/\/maquinser.com\/pt-pt\/#\/schema\/person\/ae605362e83ef1d716834c674a782328","name":"Joan","image":{"@type":"ImageObject","inLanguage":"pt-PT","@id":"https:\/\/secure.gravatar.com\/avatar\/0f6b39506da59a35208ad4b294a2a8531e650488ab28a2b5d4f9367d26bebcaf?s=96&d=mm&r=g","url":"https:\/\/secure.gravatar.com\/avatar\/0f6b39506da59a35208ad4b294a2a8531e650488ab28a2b5d4f9367d26bebcaf?s=96&d=mm&r=g","contentUrl":"https:\/\/secure.gravatar.com\/avatar\/0f6b39506da59a35208ad4b294a2a8531e650488ab28a2b5d4f9367d26bebcaf?s=96&d=mm&r=g","caption":"Joan"},"url":"https:\/\/maquinser.com\/pt-pt\/author\/marketing\/"}]}},"_links":{"self":[{"href":"https:\/\/maquinser.com\/pt-pt\/wp-json\/wp\/v2\/posts\/2633","targetHints":{"allow":["GET"]}}],"collection":[{"href":"https:\/\/maquinser.com\/pt-pt\/wp-json\/wp\/v2\/posts"}],"about":[{"href":"https:\/\/maquinser.com\/pt-pt\/wp-json\/wp\/v2\/types\/post"}],"author":[{"embeddable":true,"href":"https:\/\/maquinser.com\/pt-pt\/wp-json\/wp\/v2\/users\/2"}],"replies":[{"embeddable":true,"href":"https:\/\/maquinser.com\/pt-pt\/wp-json\/wp\/v2\/comments?post=2633"}],"version-history":[{"count":1,"href":"https:\/\/maquinser.com\/pt-pt\/wp-json\/wp\/v2\/posts\/2633\/revisions"}],"predecessor-version":[{"id":2634,"href":"https:\/\/maquinser.com\/pt-pt\/wp-json\/wp\/v2\/posts\/2633\/revisions\/2634"}],"wp:featuredmedia":[{"embeddable":true,"href":"https:\/\/maquinser.com\/pt-pt\/wp-json\/wp\/v2\/media\/2629"}],"wp:attachment":[{"href":"https:\/\/maquinser.com\/pt-pt\/wp-json\/wp\/v2\/media?parent=2633"}],"wp:term":[{"taxonomy":"category","embeddable":true,"href":"https:\/\/maquinser.com\/pt-pt\/wp-json\/wp\/v2\/categories?post=2633"},{"taxonomy":"post_tag","embeddable":true,"href":"https:\/\/maquinser.com\/pt-pt\/wp-json\/wp\/v2\/tags?post=2633"},{"taxonomy":"post_series","embeddable":true,"href":"https:\/\/maquinser.com\/pt-pt\/wp-json\/wp\/v2\/post_series?post=2633"}],"curies":[{"name":"wp","href":"https:\/\/api.w.org\/{rel}","templated":true}]}}