{"id":2623,"date":"2016-10-26T10:25:25","date_gmt":"2016-10-26T09:25:25","guid":{"rendered":"https:\/\/demo.maquinser.com\/pt-pt\/?p=2623"},"modified":"2016-10-26T10:25:25","modified_gmt":"2016-10-26T09:25:25","slug":"metalmadrid-2016-ix-feira-industrial-da-comunidade-madrid","status":"publish","type":"post","link":"https:\/\/maquinser.com\/pt-pt\/metalmadrid-2016-ix-feira-industrial-da-comunidade-madrid\/","title":{"rendered":"MetalMadrid 2016 &#8211; IX Feira Industrial da Comunidade de Madrid"},"content":{"rendered":"<p>A <em><strong>MAQUINSER, S.A.<\/strong><\/em> vai participar na pr\u00f3xima edi\u00e7\u00e3o da <em><strong>MetalMadrid 2016<\/strong><\/em>, a Feira Industrial da Comunidade de Madrid, que ter\u00e1 lugar a <strong><em>16 e 17 de Novembro no Pavilh\u00e3o 4 da IFEMA<\/em><\/strong> &#8211; Feira de Madrid.<\/p>\n<p>Temos a honra de convid\u00e1-lo a visitar-nos no<em><strong> stand C12<\/strong><\/em>, onde teremos o prazer de o receber e apresentar-lhe as nossas \u00faltimas novidades.<\/p>\n<p>Pode adquirir e imprimir diretamente o seu passe profissional de forma gratuita, atrav\u00e9s do registo no seguinte\u00a0<a href=\"http:\/\/www.ifema.es\/web\/ferias\/metalmadrid\/prereg.html\"> link<\/a>.<\/p>\n<p>Para mais informa\u00e7\u00f5es sobre MetalMadrid 2016, visite o site.<\/p>\n<p><a href=\"http:\/\/www.metalmadrid.com\/\"><img loading=\"lazy\" decoding=\"async\" class=\"alignnone size-full wp-image-2585\" src=\"http:\/\/maquinser.com\/wp-content\/uploads\/2016\/10\/metalmadrid.jpg\" alt=\"metalmadrid\" width=\"285\" height=\"50\" \/><\/a><\/p>\n","protected":false},"excerpt":{"rendered":"<p>A MAQUINSER, S.A. vai participar na pr\u00f3xima edi\u00e7\u00e3o da MetalMadrid 2016, a Feira Industrial da Comunidade de Madrid, que ter\u00e1 lugar a 16 e 17 de Novembro no Pavilh\u00e3o 4 da IFEMA &#8211; Feira de Madrid. Temos a honra de convid\u00e1-lo a visitar-nos no stand C12, onde teremos o prazer de o receber e apresentar-lhe&hellip;<\/p>\n","protected":false},"author":2,"featured_media":2586,"comment_status":"closed","ping_status":"open","sticky":false,"template":"","format":"standard","meta":{"footnotes":""},"categories":[44],"tags":[],"post_series":[],"class_list":["post-2623","post","type-post","status-publish","format-standard","has-post-thumbnail","hentry","category-noticias-pt-pt","entry","has-media"],"yoast_head":"<!-- This site is optimized with the Yoast SEO plugin v27.5 - https:\/\/yoast.com\/product\/yoast-seo-wordpress\/ -->\n<title>MetalMadrid 2016 - IX Feira Industrial da Comunidade de Madrid - Maquinser - Maquinaria y Servicios para la Industria Metalmec\u00e1nica<\/title>\n<meta name=\"robots\" content=\"index, follow, max-snippet:-1, max-image-preview:large, max-video-preview:-1\" \/>\n<link rel=\"canonical\" href=\"https:\/\/maquinser.com\/pt-pt\/metalmadrid-2016-ix-feira-industrial-da-comunidade-madrid\/\" \/>\n<meta property=\"og:locale\" content=\"pt_PT\" \/>\n<meta property=\"og:type\" content=\"article\" \/>\n<meta property=\"og:title\" content=\"MetalMadrid 2016 - IX Feira Industrial da Comunidade de Madrid - Maquinser - Maquinaria y Servicios para la Industria Metalmec\u00e1nica\" \/>\n<meta property=\"og:description\" content=\"A MAQUINSER, S.A. vai participar na pr\u00f3xima edi\u00e7\u00e3o da MetalMadrid 2016, a Feira Industrial da Comunidade de Madrid, que ter\u00e1 lugar a 16 e 17 de Novembro no Pavilh\u00e3o 4 da IFEMA &#8211; Feira de Madrid. Temos a honra de convid\u00e1-lo a visitar-nos no stand C12, onde teremos o prazer de o receber e apresentar-lhe&hellip;\" \/>\n<meta property=\"og:url\" content=\"https:\/\/maquinser.com\/pt-pt\/metalmadrid-2016-ix-feira-industrial-da-comunidade-madrid\/\" \/>\n<meta property=\"og:site_name\" content=\"Maquinser - Maquinaria y Servicios para la Industria Metalmec\u00e1nica\" \/>\n<meta property=\"article:publisher\" content=\"http:\/\/fb.me\/Maquinser\" \/>\n<meta property=\"article:published_time\" content=\"2016-10-26T09:25:25+00:00\" \/>\n<meta property=\"og:image\" content=\"https:\/\/maquinser.com\/wp-content\/uploads\/2016\/10\/maquinser_Metalmadrid_2016.jpg\" \/>\n\t<meta property=\"og:image:width\" content=\"650\" \/>\n\t<meta property=\"og:image:height\" content=\"650\" \/>\n\t<meta property=\"og:image:type\" content=\"image\/jpeg\" \/>\n<meta name=\"author\" content=\"Joan\" \/>\n<meta name=\"twitter:card\" content=\"summary_large_image\" \/>\n<meta name=\"twitter:creator\" content=\"@Maquinser\" \/>\n<meta name=\"twitter:site\" content=\"@Maquinser\" \/>\n<meta name=\"twitter:label1\" content=\"Escrito por\" \/>\n\t<meta name=\"twitter:data1\" content=\"Joan\" \/>\n<script type=\"application\/ld+json\" class=\"yoast-schema-graph\">{\"@context\":\"https:\\\/\\\/schema.org\",\"@graph\":[{\"@type\":\"Article\",\"@id\":\"https:\\\/\\\/maquinser.com\\\/pt-pt\\\/metalmadrid-2016-ix-feira-industrial-da-comunidade-madrid\\\/#article\",\"isPartOf\":{\"@id\":\"https:\\\/\\\/maquinser.com\\\/pt-pt\\\/metalmadrid-2016-ix-feira-industrial-da-comunidade-madrid\\\/\"},\"author\":{\"name\":\"Joan\",\"@id\":\"https:\\\/\\\/maquinser.com\\\/pt-pt\\\/#\\\/schema\\\/person\\\/ae605362e83ef1d716834c674a782328\"},\"headline\":\"MetalMadrid 2016 &#8211; IX Feira Industrial da Comunidade de Madrid\",\"datePublished\":\"2016-10-26T09:25:25+00:00\",\"mainEntityOfPage\":{\"@id\":\"https:\\\/\\\/maquinser.com\\\/pt-pt\\\/metalmadrid-2016-ix-feira-industrial-da-comunidade-madrid\\\/\"},\"wordCount\":97,\"publisher\":{\"@id\":\"https:\\\/\\\/maquinser.com\\\/pt-pt\\\/#organization\"},\"image\":{\"@id\":\"https:\\\/\\\/maquinser.com\\\/pt-pt\\\/metalmadrid-2016-ix-feira-industrial-da-comunidade-madrid\\\/#primaryimage\"},\"thumbnailUrl\":\"https:\\\/\\\/maquinser.com\\\/wp-content\\\/uploads\\\/2016\\\/10\\\/maquinser_Metalmadrid_2016.jpg\",\"articleSection\":[\"Not\u00edcias @pt-pt\"],\"inLanguage\":\"pt-PT\"},{\"@type\":\"WebPage\",\"@id\":\"https:\\\/\\\/maquinser.com\\\/pt-pt\\\/metalmadrid-2016-ix-feira-industrial-da-comunidade-madrid\\\/\",\"url\":\"https:\\\/\\\/maquinser.com\\\/pt-pt\\\/metalmadrid-2016-ix-feira-industrial-da-comunidade-madrid\\\/\",\"name\":\"MetalMadrid 2016 - IX Feira Industrial da Comunidade de Madrid - Maquinser - Maquinaria y Servicios para la Industria Metalmec\u00e1nica\",\"isPartOf\":{\"@id\":\"https:\\\/\\\/maquinser.com\\\/pt-pt\\\/#website\"},\"primaryImageOfPage\":{\"@id\":\"https:\\\/\\\/maquinser.com\\\/pt-pt\\\/metalmadrid-2016-ix-feira-industrial-da-comunidade-madrid\\\/#primaryimage\"},\"image\":{\"@id\":\"https:\\\/\\\/maquinser.com\\\/pt-pt\\\/metalmadrid-2016-ix-feira-industrial-da-comunidade-madrid\\\/#primaryimage\"},\"thumbnailUrl\":\"https:\\\/\\\/maquinser.com\\\/wp-content\\\/uploads\\\/2016\\\/10\\\/maquinser_Metalmadrid_2016.jpg\",\"datePublished\":\"2016-10-26T09:25:25+00:00\",\"breadcrumb\":{\"@id\":\"https:\\\/\\\/maquinser.com\\\/pt-pt\\\/metalmadrid-2016-ix-feira-industrial-da-comunidade-madrid\\\/#breadcrumb\"},\"inLanguage\":\"pt-PT\",\"potentialAction\":[{\"@type\":\"ReadAction\",\"target\":[\"https:\\\/\\\/maquinser.com\\\/pt-pt\\\/metalmadrid-2016-ix-feira-industrial-da-comunidade-madrid\\\/\"]}]},{\"@type\":\"ImageObject\",\"inLanguage\":\"pt-PT\",\"@id\":\"https:\\\/\\\/maquinser.com\\\/pt-pt\\\/metalmadrid-2016-ix-feira-industrial-da-comunidade-madrid\\\/#primaryimage\",\"url\":\"https:\\\/\\\/maquinser.com\\\/wp-content\\\/uploads\\\/2016\\\/10\\\/maquinser_Metalmadrid_2016.jpg\",\"contentUrl\":\"https:\\\/\\\/maquinser.com\\\/wp-content\\\/uploads\\\/2016\\\/10\\\/maquinser_Metalmadrid_2016.jpg\",\"width\":650,\"height\":650,\"caption\":\"Maquinser Metalmadrid 2016\"},{\"@type\":\"BreadcrumbList\",\"@id\":\"https:\\\/\\\/maquinser.com\\\/pt-pt\\\/metalmadrid-2016-ix-feira-industrial-da-comunidade-madrid\\\/#breadcrumb\",\"itemListElement\":[{\"@type\":\"ListItem\",\"position\":1,\"name\":\"Portada\",\"item\":\"https:\\\/\\\/maquinser.com\\\/pt-pt\\\/\"},{\"@type\":\"ListItem\",\"position\":2,\"name\":\"MetalMadrid 2016 &#8211; IX&hellip;\"}]},{\"@type\":\"WebSite\",\"@id\":\"https:\\\/\\\/maquinser.com\\\/pt-pt\\\/#website\",\"url\":\"https:\\\/\\\/maquinser.com\\\/pt-pt\\\/\",\"name\":\"Maquinser - Maquinaria y Servicios para la Industria Metalmec\u00e1nica\",\"description\":\"\",\"publisher\":{\"@id\":\"https:\\\/\\\/maquinser.com\\\/pt-pt\\\/#organization\"},\"potentialAction\":[{\"@type\":\"SearchAction\",\"target\":{\"@type\":\"EntryPoint\",\"urlTemplate\":\"https:\\\/\\\/maquinser.com\\\/pt-pt\\\/?s={search_term_string}\"},\"query-input\":{\"@type\":\"PropertyValueSpecification\",\"valueRequired\":true,\"valueName\":\"search_term_string\"}}],\"inLanguage\":\"pt-PT\"},{\"@type\":\"Organization\",\"@id\":\"https:\\\/\\\/maquinser.com\\\/pt-pt\\\/#organization\",\"name\":\"Maquinser\",\"url\":\"https:\\\/\\\/maquinser.com\\\/pt-pt\\\/\",\"logo\":{\"@type\":\"ImageObject\",\"inLanguage\":\"pt-PT\",\"@id\":\"https:\\\/\\\/maquinser.com\\\/pt-pt\\\/#\\\/schema\\\/logo\\\/image\\\/\",\"url\":\"http:\\\/\\\/maquinser.com\\\/wp-content\\\/uploads\\\/2016\\\/10\\\/MAQUINSER_Logo_oficial.jpg\",\"contentUrl\":\"http:\\\/\\\/maquinser.com\\\/wp-content\\\/uploads\\\/2016\\\/10\\\/MAQUINSER_Logo_oficial.jpg\",\"width\":1411,\"height\":326,\"caption\":\"Maquinser\"},\"image\":{\"@id\":\"https:\\\/\\\/maquinser.com\\\/pt-pt\\\/#\\\/schema\\\/logo\\\/image\\\/\"},\"sameAs\":[\"http:\\\/\\\/fb.me\\\/Maquinser\",\"https:\\\/\\\/x.com\\\/Maquinser\",\"http:\\\/\\\/maquinser20s.a.\"]},{\"@type\":\"Person\",\"@id\":\"https:\\\/\\\/maquinser.com\\\/pt-pt\\\/#\\\/schema\\\/person\\\/ae605362e83ef1d716834c674a782328\",\"name\":\"Joan\",\"image\":{\"@type\":\"ImageObject\",\"inLanguage\":\"pt-PT\",\"@id\":\"https:\\\/\\\/secure.gravatar.com\\\/avatar\\\/0f6b39506da59a35208ad4b294a2a8531e650488ab28a2b5d4f9367d26bebcaf?s=96&d=mm&r=g\",\"url\":\"https:\\\/\\\/secure.gravatar.com\\\/avatar\\\/0f6b39506da59a35208ad4b294a2a8531e650488ab28a2b5d4f9367d26bebcaf?s=96&d=mm&r=g\",\"contentUrl\":\"https:\\\/\\\/secure.gravatar.com\\\/avatar\\\/0f6b39506da59a35208ad4b294a2a8531e650488ab28a2b5d4f9367d26bebcaf?s=96&d=mm&r=g\",\"caption\":\"Joan\"},\"url\":\"https:\\\/\\\/maquinser.com\\\/pt-pt\\\/author\\\/marketing\\\/\"}]}<\/script>\n<!-- \/ Yoast SEO plugin. -->","yoast_head_json":{"title":"MetalMadrid 2016 - IX Feira Industrial da Comunidade de Madrid - Maquinser - Maquinaria y Servicios para la Industria Metalmec\u00e1nica","robots":{"index":"index","follow":"follow","max-snippet":"max-snippet:-1","max-image-preview":"max-image-preview:large","max-video-preview":"max-video-preview:-1"},"canonical":"https:\/\/maquinser.com\/pt-pt\/metalmadrid-2016-ix-feira-industrial-da-comunidade-madrid\/","og_locale":"pt_PT","og_type":"article","og_title":"MetalMadrid 2016 - IX Feira Industrial da Comunidade de Madrid - Maquinser - Maquinaria y Servicios para la Industria Metalmec\u00e1nica","og_description":"A MAQUINSER, S.A. vai participar na pr\u00f3xima edi\u00e7\u00e3o da MetalMadrid 2016, a Feira Industrial da Comunidade de Madrid, que ter\u00e1 lugar a 16 e 17 de Novembro no Pavilh\u00e3o 4 da IFEMA &#8211; Feira de Madrid. Temos a honra de convid\u00e1-lo a visitar-nos no stand C12, onde teremos o prazer de o receber e apresentar-lhe&hellip;","og_url":"https:\/\/maquinser.com\/pt-pt\/metalmadrid-2016-ix-feira-industrial-da-comunidade-madrid\/","og_site_name":"Maquinser - Maquinaria y Servicios para la Industria Metalmec\u00e1nica","article_publisher":"http:\/\/fb.me\/Maquinser","article_published_time":"2016-10-26T09:25:25+00:00","og_image":[{"width":650,"height":650,"url":"https:\/\/maquinser.com\/wp-content\/uploads\/2016\/10\/maquinser_Metalmadrid_2016.jpg","type":"image\/jpeg"}],"author":"Joan","twitter_card":"summary_large_image","twitter_creator":"@Maquinser","twitter_site":"@Maquinser","twitter_misc":{"Escrito por":"Joan"},"schema":{"@context":"https:\/\/schema.org","@graph":[{"@type":"Article","@id":"https:\/\/maquinser.com\/pt-pt\/metalmadrid-2016-ix-feira-industrial-da-comunidade-madrid\/#article","isPartOf":{"@id":"https:\/\/maquinser.com\/pt-pt\/metalmadrid-2016-ix-feira-industrial-da-comunidade-madrid\/"},"author":{"name":"Joan","@id":"https:\/\/maquinser.com\/pt-pt\/#\/schema\/person\/ae605362e83ef1d716834c674a782328"},"headline":"MetalMadrid 2016 &#8211; IX Feira Industrial da Comunidade de Madrid","datePublished":"2016-10-26T09:25:25+00:00","mainEntityOfPage":{"@id":"https:\/\/maquinser.com\/pt-pt\/metalmadrid-2016-ix-feira-industrial-da-comunidade-madrid\/"},"wordCount":97,"publisher":{"@id":"https:\/\/maquinser.com\/pt-pt\/#organization"},"image":{"@id":"https:\/\/maquinser.com\/pt-pt\/metalmadrid-2016-ix-feira-industrial-da-comunidade-madrid\/#primaryimage"},"thumbnailUrl":"https:\/\/maquinser.com\/wp-content\/uploads\/2016\/10\/maquinser_Metalmadrid_2016.jpg","articleSection":["Not\u00edcias @pt-pt"],"inLanguage":"pt-PT"},{"@type":"WebPage","@id":"https:\/\/maquinser.com\/pt-pt\/metalmadrid-2016-ix-feira-industrial-da-comunidade-madrid\/","url":"https:\/\/maquinser.com\/pt-pt\/metalmadrid-2016-ix-feira-industrial-da-comunidade-madrid\/","name":"MetalMadrid 2016 - IX Feira Industrial da Comunidade de Madrid - Maquinser - Maquinaria y Servicios para la Industria Metalmec\u00e1nica","isPartOf":{"@id":"https:\/\/maquinser.com\/pt-pt\/#website"},"primaryImageOfPage":{"@id":"https:\/\/maquinser.com\/pt-pt\/metalmadrid-2016-ix-feira-industrial-da-comunidade-madrid\/#primaryimage"},"image":{"@id":"https:\/\/maquinser.com\/pt-pt\/metalmadrid-2016-ix-feira-industrial-da-comunidade-madrid\/#primaryimage"},"thumbnailUrl":"https:\/\/maquinser.com\/wp-content\/uploads\/2016\/10\/maquinser_Metalmadrid_2016.jpg","datePublished":"2016-10-26T09:25:25+00:00","breadcrumb":{"@id":"https:\/\/maquinser.com\/pt-pt\/metalmadrid-2016-ix-feira-industrial-da-comunidade-madrid\/#breadcrumb"},"inLanguage":"pt-PT","potentialAction":[{"@type":"ReadAction","target":["https:\/\/maquinser.com\/pt-pt\/metalmadrid-2016-ix-feira-industrial-da-comunidade-madrid\/"]}]},{"@type":"ImageObject","inLanguage":"pt-PT","@id":"https:\/\/maquinser.com\/pt-pt\/metalmadrid-2016-ix-feira-industrial-da-comunidade-madrid\/#primaryimage","url":"https:\/\/maquinser.com\/wp-content\/uploads\/2016\/10\/maquinser_Metalmadrid_2016.jpg","contentUrl":"https:\/\/maquinser.com\/wp-content\/uploads\/2016\/10\/maquinser_Metalmadrid_2016.jpg","width":650,"height":650,"caption":"Maquinser Metalmadrid 2016"},{"@type":"BreadcrumbList","@id":"https:\/\/maquinser.com\/pt-pt\/metalmadrid-2016-ix-feira-industrial-da-comunidade-madrid\/#breadcrumb","itemListElement":[{"@type":"ListItem","position":1,"name":"Portada","item":"https:\/\/maquinser.com\/pt-pt\/"},{"@type":"ListItem","position":2,"name":"MetalMadrid 2016 &#8211; IX&hellip;"}]},{"@type":"WebSite","@id":"https:\/\/maquinser.com\/pt-pt\/#website","url":"https:\/\/maquinser.com\/pt-pt\/","name":"Maquinser - Maquinaria y Servicios para la Industria Metalmec\u00e1nica","description":"","publisher":{"@id":"https:\/\/maquinser.com\/pt-pt\/#organization"},"potentialAction":[{"@type":"SearchAction","target":{"@type":"EntryPoint","urlTemplate":"https:\/\/maquinser.com\/pt-pt\/?s={search_term_string}"},"query-input":{"@type":"PropertyValueSpecification","valueRequired":true,"valueName":"search_term_string"}}],"inLanguage":"pt-PT"},{"@type":"Organization","@id":"https:\/\/maquinser.com\/pt-pt\/#organization","name":"Maquinser","url":"https:\/\/maquinser.com\/pt-pt\/","logo":{"@type":"ImageObject","inLanguage":"pt-PT","@id":"https:\/\/maquinser.com\/pt-pt\/#\/schema\/logo\/image\/","url":"http:\/\/maquinser.com\/wp-content\/uploads\/2016\/10\/MAQUINSER_Logo_oficial.jpg","contentUrl":"http:\/\/maquinser.com\/wp-content\/uploads\/2016\/10\/MAQUINSER_Logo_oficial.jpg","width":1411,"height":326,"caption":"Maquinser"},"image":{"@id":"https:\/\/maquinser.com\/pt-pt\/#\/schema\/logo\/image\/"},"sameAs":["http:\/\/fb.me\/Maquinser","https:\/\/x.com\/Maquinser","http:\/\/maquinser20s.a."]},{"@type":"Person","@id":"https:\/\/maquinser.com\/pt-pt\/#\/schema\/person\/ae605362e83ef1d716834c674a782328","name":"Joan","image":{"@type":"ImageObject","inLanguage":"pt-PT","@id":"https:\/\/secure.gravatar.com\/avatar\/0f6b39506da59a35208ad4b294a2a8531e650488ab28a2b5d4f9367d26bebcaf?s=96&d=mm&r=g","url":"https:\/\/secure.gravatar.com\/avatar\/0f6b39506da59a35208ad4b294a2a8531e650488ab28a2b5d4f9367d26bebcaf?s=96&d=mm&r=g","contentUrl":"https:\/\/secure.gravatar.com\/avatar\/0f6b39506da59a35208ad4b294a2a8531e650488ab28a2b5d4f9367d26bebcaf?s=96&d=mm&r=g","caption":"Joan"},"url":"https:\/\/maquinser.com\/pt-pt\/author\/marketing\/"}]}},"_links":{"self":[{"href":"https:\/\/maquinser.com\/pt-pt\/wp-json\/wp\/v2\/posts\/2623","targetHints":{"allow":["GET"]}}],"collection":[{"href":"https:\/\/maquinser.com\/pt-pt\/wp-json\/wp\/v2\/posts"}],"about":[{"href":"https:\/\/maquinser.com\/pt-pt\/wp-json\/wp\/v2\/types\/post"}],"author":[{"embeddable":true,"href":"https:\/\/maquinser.com\/pt-pt\/wp-json\/wp\/v2\/users\/2"}],"replies":[{"embeddable":true,"href":"https:\/\/maquinser.com\/pt-pt\/wp-json\/wp\/v2\/comments?post=2623"}],"version-history":[{"count":1,"href":"https:\/\/maquinser.com\/pt-pt\/wp-json\/wp\/v2\/posts\/2623\/revisions"}],"predecessor-version":[{"id":2624,"href":"https:\/\/maquinser.com\/pt-pt\/wp-json\/wp\/v2\/posts\/2623\/revisions\/2624"}],"wp:featuredmedia":[{"embeddable":true,"href":"https:\/\/maquinser.com\/pt-pt\/wp-json\/wp\/v2\/media\/2586"}],"wp:attachment":[{"href":"https:\/\/maquinser.com\/pt-pt\/wp-json\/wp\/v2\/media?parent=2623"}],"wp:term":[{"taxonomy":"category","embeddable":true,"href":"https:\/\/maquinser.com\/pt-pt\/wp-json\/wp\/v2\/categories?post=2623"},{"taxonomy":"post_tag","embeddable":true,"href":"https:\/\/maquinser.com\/pt-pt\/wp-json\/wp\/v2\/tags?post=2623"},{"taxonomy":"post_series","embeddable":true,"href":"https:\/\/maquinser.com\/pt-pt\/wp-json\/wp\/v2\/post_series?post=2623"}],"curies":[{"name":"wp","href":"https:\/\/api.w.org\/{rel}","templated":true}]}}