{"id":13666,"date":"2025-05-16T13:14:20","date_gmt":"2025-05-16T11:14:20","guid":{"rendered":"https:\/\/maquinser.com\/?p=13666"},"modified":"2025-05-16T13:42:21","modified_gmt":"2025-05-16T11:42:21","slug":"antonio-postigo-distincao-de-ouro-da-afm","status":"publish","type":"post","link":"https:\/\/maquinser.com\/pt-pt\/antonio-postigo-distincao-de-ouro-da-afm\/","title":{"rendered":"Antonio Postigo, Distin\u00e7\u00e3o de Ouro da AFM"},"content":{"rendered":"<p><strong>Antonio Postigo recebe a Distin\u00e7\u00e3o de Ouro da AFM pela sua carreira e contribui\u00e7\u00e3o para a ind\u00fastria<\/strong><\/p>\n<p>A <a href=\"https:\/\/www.afm.es\/es\/inicio\" target=\"_blank\" rel=\"noopener\">Associa\u00e7\u00e3o Espanhola de Fabricantes de M\u00e1quinas-ferramenta<\/a> (AFM) concedeu a sua distin\u00e7\u00e3o de Ouro a Antonio Postigo como reconhecimento pela sua longa trajet\u00f3ria profissional e pelo seu contributo para o desenvolvimento da ind\u00fastria em Espanha.<\/p>\n<p>Com esta distin\u00e7\u00e3o, a AFM valoriza uma carreira marcada pelo compromisso com a inova\u00e7\u00e3o, pelo impulso \u00e0 fabrica\u00e7\u00e3o avan\u00e7ada e pela consolida\u00e7\u00e3o de um setor industrial competitivo e sustent\u00e1vel.<\/p>\n<p>A cerim\u00f3nia de entrega decorreu num ambiente pr\u00f3ximo e emotivo, com a presen\u00e7a de representantes do setor, institui\u00e7\u00f5es e colaboradores que quiseram prestar homenagem ao percurso profissional de Postigo.<\/p>\n<p><strong>Trajet\u00f3ria de Antonio Postigo<\/strong><\/p>\n<p>Antonio Postigo \u00e9 fundador e presidente da <strong>Maquinser<\/strong>, empresa criada em 1987, especializada na distribui\u00e7\u00e3o de m\u00e1quinas e solu\u00e7\u00f5es tecnol\u00f3gicas para a ind\u00fastria transformadora. Desde o in\u00edcio, liderou um projeto que sempre apostou na introdu\u00e7\u00e3o de tecnologias avan\u00e7adas em setores como o autom\u00f3vel, aeron\u00e1utico e energ\u00e9tico.<\/p>\n<p>Sob a sua lideran\u00e7a, a Maquinser consolidou-se como um parceiro estrat\u00e9gico para a ind\u00fastria, estabelecendo alian\u00e7as com fabricantes internacionais de refer\u00eancia e oferecendo um servi\u00e7o centrado na forma\u00e7\u00e3o t\u00e9cnica e no apoio cont\u00ednuo ao cliente.<\/p>\n<p>&nbsp;<\/p>\n<p><a href=\"https:\/\/maquinser.com\/wp-content\/uploads\/2025\/05\/WE-Maquinser-09-300x179.png\"><img loading=\"lazy\" decoding=\"async\" class=\"alignnone wp-image-13659\" src=\"https:\/\/maquinser.com\/wp-content\/uploads\/2025\/05\/WE-Maquinser-09-300x179.png\" alt=\"\" width=\"200\" height=\"119\" srcset=\"https:\/\/maquinser.com\/wp-content\/uploads\/2025\/05\/WE-Maquinser-09-300x179.png 300w, https:\/\/maquinser.com\/wp-content\/uploads\/2025\/05\/WE-Maquinser-09-1024x610.png 1024w, https:\/\/maquinser.com\/wp-content\/uploads\/2025\/05\/WE-Maquinser-09-768x458.png 768w, https:\/\/maquinser.com\/wp-content\/uploads\/2025\/05\/WE-Maquinser-09-1536x915.png 1536w, https:\/\/maquinser.com\/wp-content\/uploads\/2025\/05\/WE-Maquinser-09-600x358.png 600w, https:\/\/maquinser.com\/wp-content\/uploads\/2025\/05\/WE-Maquinser-09.png 2029w\" sizes=\"auto, (max-width: 200px) 100vw, 200px\" \/><\/a><\/p>\n","protected":false},"excerpt":{"rendered":"<p>Antonio Postigo recebe a Distin\u00e7\u00e3o de Ouro da AFM pela sua carreira e contribui\u00e7\u00e3o para a ind\u00fastria A Associa\u00e7\u00e3o Espanhola de Fabricantes de M\u00e1quinas-ferramenta (AFM) concedeu a sua distin\u00e7\u00e3o de Ouro a Antonio Postigo como reconhecimento pela sua longa trajet\u00f3ria profissional e pelo seu contributo para o desenvolvimento da ind\u00fastria em Espanha. Com esta distin\u00e7\u00e3o,&hellip;<\/p>\n","protected":false},"author":2,"featured_media":13656,"comment_status":"closed","ping_status":"open","sticky":false,"template":"","format":"standard","meta":{"footnotes":""},"categories":[44],"tags":[],"post_series":[],"class_list":["post-13666","post","type-post","status-publish","format-standard","has-post-thumbnail","hentry","category-noticias-pt-pt","entry","has-media"],"yoast_head":"<!-- This site is optimized with the Yoast SEO plugin v27.5 - https:\/\/yoast.com\/product\/yoast-seo-wordpress\/ -->\n<title>Antonio Postigo, Distin\u00e7\u00e3o de Ouro da AFM<\/title>\n<meta name=\"description\" content=\"AFM concedeu a sua distin\u00e7\u00e3o de Ouro a Antonio Postigo como reconhecimento pela sua longa trajet\u00f3ria profissional e contributo da ind\u00fastria\" \/>\n<meta name=\"robots\" content=\"index, follow, max-snippet:-1, max-image-preview:large, max-video-preview:-1\" \/>\n<link rel=\"canonical\" href=\"https:\/\/maquinser.com\/pt-pt\/antonio-postigo-distincao-de-ouro-da-afm\/\" \/>\n<meta property=\"og:locale\" content=\"pt_PT\" \/>\n<meta property=\"og:type\" content=\"article\" \/>\n<meta property=\"og:title\" content=\"Antonio Postigo, Distin\u00e7\u00e3o de Ouro da AFM\" \/>\n<meta property=\"og:description\" content=\"AFM concedeu a sua distin\u00e7\u00e3o de Ouro a Antonio Postigo como reconhecimento pela sua longa trajet\u00f3ria profissional e contributo da ind\u00fastria\" \/>\n<meta property=\"og:url\" content=\"https:\/\/maquinser.com\/pt-pt\/antonio-postigo-distincao-de-ouro-da-afm\/\" \/>\n<meta property=\"og:site_name\" content=\"Maquinser - Maquinaria y Servicios para la Industria Metalmec\u00e1nica\" \/>\n<meta property=\"article:publisher\" content=\"http:\/\/fb.me\/Maquinser\" \/>\n<meta property=\"article:published_time\" content=\"2025-05-16T11:14:20+00:00\" \/>\n<meta property=\"article:modified_time\" content=\"2025-05-16T11:42:21+00:00\" \/>\n<meta property=\"og:image\" content=\"https:\/\/maquinser.com\/wp-content\/uploads\/2025\/05\/Insignia-AFM-Postigo-1.jpg\" \/>\n\t<meta property=\"og:image:width\" content=\"2048\" \/>\n\t<meta property=\"og:image:height\" content=\"1365\" \/>\n\t<meta property=\"og:image:type\" content=\"image\/jpeg\" \/>\n<meta name=\"author\" content=\"Joan\" \/>\n<meta name=\"twitter:card\" content=\"summary_large_image\" \/>\n<meta name=\"twitter:creator\" content=\"@Maquinser\" \/>\n<meta name=\"twitter:site\" content=\"@Maquinser\" \/>\n<meta name=\"twitter:label1\" content=\"Escrito por\" \/>\n\t<meta name=\"twitter:data1\" content=\"Joan\" \/>\n\t<meta name=\"twitter:label2\" content=\"Tempo estimado de leitura\" \/>\n\t<meta name=\"twitter:data2\" content=\"2 minutos\" \/>\n<script type=\"application\/ld+json\" class=\"yoast-schema-graph\">{\"@context\":\"https:\\\/\\\/schema.org\",\"@graph\":[{\"@type\":\"Article\",\"@id\":\"https:\\\/\\\/maquinser.com\\\/pt-pt\\\/antonio-postigo-distincao-de-ouro-da-afm\\\/#article\",\"isPartOf\":{\"@id\":\"https:\\\/\\\/maquinser.com\\\/pt-pt\\\/antonio-postigo-distincao-de-ouro-da-afm\\\/\"},\"author\":{\"name\":\"Joan\",\"@id\":\"https:\\\/\\\/maquinser.com\\\/pt-pt\\\/#\\\/schema\\\/person\\\/ae605362e83ef1d716834c674a782328\"},\"headline\":\"Antonio Postigo, Distin\u00e7\u00e3o de Ouro da AFM\",\"datePublished\":\"2025-05-16T11:14:20+00:00\",\"dateModified\":\"2025-05-16T11:42:21+00:00\",\"mainEntityOfPage\":{\"@id\":\"https:\\\/\\\/maquinser.com\\\/pt-pt\\\/antonio-postigo-distincao-de-ouro-da-afm\\\/\"},\"wordCount\":240,\"publisher\":{\"@id\":\"https:\\\/\\\/maquinser.com\\\/pt-pt\\\/#organization\"},\"image\":{\"@id\":\"https:\\\/\\\/maquinser.com\\\/pt-pt\\\/antonio-postigo-distincao-de-ouro-da-afm\\\/#primaryimage\"},\"thumbnailUrl\":\"https:\\\/\\\/maquinser.com\\\/wp-content\\\/uploads\\\/2025\\\/05\\\/Insignia-AFM-Postigo-1.jpg\",\"articleSection\":[\"Not\u00edcias @pt-pt\"],\"inLanguage\":\"pt-PT\"},{\"@type\":\"WebPage\",\"@id\":\"https:\\\/\\\/maquinser.com\\\/pt-pt\\\/antonio-postigo-distincao-de-ouro-da-afm\\\/\",\"url\":\"https:\\\/\\\/maquinser.com\\\/pt-pt\\\/antonio-postigo-distincao-de-ouro-da-afm\\\/\",\"name\":\"Antonio Postigo, Distin\u00e7\u00e3o de Ouro da AFM\",\"isPartOf\":{\"@id\":\"https:\\\/\\\/maquinser.com\\\/pt-pt\\\/#website\"},\"primaryImageOfPage\":{\"@id\":\"https:\\\/\\\/maquinser.com\\\/pt-pt\\\/antonio-postigo-distincao-de-ouro-da-afm\\\/#primaryimage\"},\"image\":{\"@id\":\"https:\\\/\\\/maquinser.com\\\/pt-pt\\\/antonio-postigo-distincao-de-ouro-da-afm\\\/#primaryimage\"},\"thumbnailUrl\":\"https:\\\/\\\/maquinser.com\\\/wp-content\\\/uploads\\\/2025\\\/05\\\/Insignia-AFM-Postigo-1.jpg\",\"datePublished\":\"2025-05-16T11:14:20+00:00\",\"dateModified\":\"2025-05-16T11:42:21+00:00\",\"description\":\"AFM concedeu a sua distin\u00e7\u00e3o de Ouro a Antonio Postigo como reconhecimento pela sua longa trajet\u00f3ria profissional e contributo da ind\u00fastria\",\"breadcrumb\":{\"@id\":\"https:\\\/\\\/maquinser.com\\\/pt-pt\\\/antonio-postigo-distincao-de-ouro-da-afm\\\/#breadcrumb\"},\"inLanguage\":\"pt-PT\",\"potentialAction\":[{\"@type\":\"ReadAction\",\"target\":[\"https:\\\/\\\/maquinser.com\\\/pt-pt\\\/antonio-postigo-distincao-de-ouro-da-afm\\\/\"]}]},{\"@type\":\"ImageObject\",\"inLanguage\":\"pt-PT\",\"@id\":\"https:\\\/\\\/maquinser.com\\\/pt-pt\\\/antonio-postigo-distincao-de-ouro-da-afm\\\/#primaryimage\",\"url\":\"https:\\\/\\\/maquinser.com\\\/wp-content\\\/uploads\\\/2025\\\/05\\\/Insignia-AFM-Postigo-1.jpg\",\"contentUrl\":\"https:\\\/\\\/maquinser.com\\\/wp-content\\\/uploads\\\/2025\\\/05\\\/Insignia-AFM-Postigo-1.jpg\",\"width\":2048,\"height\":1365},{\"@type\":\"BreadcrumbList\",\"@id\":\"https:\\\/\\\/maquinser.com\\\/pt-pt\\\/antonio-postigo-distincao-de-ouro-da-afm\\\/#breadcrumb\",\"itemListElement\":[{\"@type\":\"ListItem\",\"position\":1,\"name\":\"Portada\",\"item\":\"https:\\\/\\\/maquinser.com\\\/pt-pt\\\/\"},{\"@type\":\"ListItem\",\"position\":2,\"name\":\"Antonio Postigo, Distin\u00e7\u00e3o de&hellip;\"}]},{\"@type\":\"WebSite\",\"@id\":\"https:\\\/\\\/maquinser.com\\\/pt-pt\\\/#website\",\"url\":\"https:\\\/\\\/maquinser.com\\\/pt-pt\\\/\",\"name\":\"Maquinser - Maquinaria y Servicios para la Industria Metalmec\u00e1nica\",\"description\":\"\",\"publisher\":{\"@id\":\"https:\\\/\\\/maquinser.com\\\/pt-pt\\\/#organization\"},\"potentialAction\":[{\"@type\":\"SearchAction\",\"target\":{\"@type\":\"EntryPoint\",\"urlTemplate\":\"https:\\\/\\\/maquinser.com\\\/pt-pt\\\/?s={search_term_string}\"},\"query-input\":{\"@type\":\"PropertyValueSpecification\",\"valueRequired\":true,\"valueName\":\"search_term_string\"}}],\"inLanguage\":\"pt-PT\"},{\"@type\":\"Organization\",\"@id\":\"https:\\\/\\\/maquinser.com\\\/pt-pt\\\/#organization\",\"name\":\"Maquinser\",\"url\":\"https:\\\/\\\/maquinser.com\\\/pt-pt\\\/\",\"logo\":{\"@type\":\"ImageObject\",\"inLanguage\":\"pt-PT\",\"@id\":\"https:\\\/\\\/maquinser.com\\\/pt-pt\\\/#\\\/schema\\\/logo\\\/image\\\/\",\"url\":\"http:\\\/\\\/maquinser.com\\\/wp-content\\\/uploads\\\/2016\\\/10\\\/MAQUINSER_Logo_oficial.jpg\",\"contentUrl\":\"http:\\\/\\\/maquinser.com\\\/wp-content\\\/uploads\\\/2016\\\/10\\\/MAQUINSER_Logo_oficial.jpg\",\"width\":1411,\"height\":326,\"caption\":\"Maquinser\"},\"image\":{\"@id\":\"https:\\\/\\\/maquinser.com\\\/pt-pt\\\/#\\\/schema\\\/logo\\\/image\\\/\"},\"sameAs\":[\"http:\\\/\\\/fb.me\\\/Maquinser\",\"https:\\\/\\\/x.com\\\/Maquinser\",\"http:\\\/\\\/maquinser20s.a.\"]},{\"@type\":\"Person\",\"@id\":\"https:\\\/\\\/maquinser.com\\\/pt-pt\\\/#\\\/schema\\\/person\\\/ae605362e83ef1d716834c674a782328\",\"name\":\"Joan\",\"image\":{\"@type\":\"ImageObject\",\"inLanguage\":\"pt-PT\",\"@id\":\"https:\\\/\\\/secure.gravatar.com\\\/avatar\\\/0f6b39506da59a35208ad4b294a2a8531e650488ab28a2b5d4f9367d26bebcaf?s=96&d=mm&r=g\",\"url\":\"https:\\\/\\\/secure.gravatar.com\\\/avatar\\\/0f6b39506da59a35208ad4b294a2a8531e650488ab28a2b5d4f9367d26bebcaf?s=96&d=mm&r=g\",\"contentUrl\":\"https:\\\/\\\/secure.gravatar.com\\\/avatar\\\/0f6b39506da59a35208ad4b294a2a8531e650488ab28a2b5d4f9367d26bebcaf?s=96&d=mm&r=g\",\"caption\":\"Joan\"},\"url\":\"https:\\\/\\\/maquinser.com\\\/pt-pt\\\/author\\\/marketing\\\/\"}]}<\/script>\n<!-- \/ Yoast SEO plugin. -->","yoast_head_json":{"title":"Antonio Postigo, Distin\u00e7\u00e3o de Ouro da AFM","description":"AFM concedeu a sua distin\u00e7\u00e3o de Ouro a Antonio Postigo como reconhecimento pela sua longa trajet\u00f3ria profissional e contributo da ind\u00fastria","robots":{"index":"index","follow":"follow","max-snippet":"max-snippet:-1","max-image-preview":"max-image-preview:large","max-video-preview":"max-video-preview:-1"},"canonical":"https:\/\/maquinser.com\/pt-pt\/antonio-postigo-distincao-de-ouro-da-afm\/","og_locale":"pt_PT","og_type":"article","og_title":"Antonio Postigo, Distin\u00e7\u00e3o de Ouro da AFM","og_description":"AFM concedeu a sua distin\u00e7\u00e3o de Ouro a Antonio Postigo como reconhecimento pela sua longa trajet\u00f3ria profissional e contributo da ind\u00fastria","og_url":"https:\/\/maquinser.com\/pt-pt\/antonio-postigo-distincao-de-ouro-da-afm\/","og_site_name":"Maquinser - Maquinaria y Servicios para la Industria Metalmec\u00e1nica","article_publisher":"http:\/\/fb.me\/Maquinser","article_published_time":"2025-05-16T11:14:20+00:00","article_modified_time":"2025-05-16T11:42:21+00:00","og_image":[{"width":2048,"height":1365,"url":"https:\/\/maquinser.com\/wp-content\/uploads\/2025\/05\/Insignia-AFM-Postigo-1.jpg","type":"image\/jpeg"}],"author":"Joan","twitter_card":"summary_large_image","twitter_creator":"@Maquinser","twitter_site":"@Maquinser","twitter_misc":{"Escrito por":"Joan","Tempo estimado de leitura":"2 minutos"},"schema":{"@context":"https:\/\/schema.org","@graph":[{"@type":"Article","@id":"https:\/\/maquinser.com\/pt-pt\/antonio-postigo-distincao-de-ouro-da-afm\/#article","isPartOf":{"@id":"https:\/\/maquinser.com\/pt-pt\/antonio-postigo-distincao-de-ouro-da-afm\/"},"author":{"name":"Joan","@id":"https:\/\/maquinser.com\/pt-pt\/#\/schema\/person\/ae605362e83ef1d716834c674a782328"},"headline":"Antonio Postigo, Distin\u00e7\u00e3o de Ouro da AFM","datePublished":"2025-05-16T11:14:20+00:00","dateModified":"2025-05-16T11:42:21+00:00","mainEntityOfPage":{"@id":"https:\/\/maquinser.com\/pt-pt\/antonio-postigo-distincao-de-ouro-da-afm\/"},"wordCount":240,"publisher":{"@id":"https:\/\/maquinser.com\/pt-pt\/#organization"},"image":{"@id":"https:\/\/maquinser.com\/pt-pt\/antonio-postigo-distincao-de-ouro-da-afm\/#primaryimage"},"thumbnailUrl":"https:\/\/maquinser.com\/wp-content\/uploads\/2025\/05\/Insignia-AFM-Postigo-1.jpg","articleSection":["Not\u00edcias @pt-pt"],"inLanguage":"pt-PT"},{"@type":"WebPage","@id":"https:\/\/maquinser.com\/pt-pt\/antonio-postigo-distincao-de-ouro-da-afm\/","url":"https:\/\/maquinser.com\/pt-pt\/antonio-postigo-distincao-de-ouro-da-afm\/","name":"Antonio Postigo, Distin\u00e7\u00e3o de Ouro da AFM","isPartOf":{"@id":"https:\/\/maquinser.com\/pt-pt\/#website"},"primaryImageOfPage":{"@id":"https:\/\/maquinser.com\/pt-pt\/antonio-postigo-distincao-de-ouro-da-afm\/#primaryimage"},"image":{"@id":"https:\/\/maquinser.com\/pt-pt\/antonio-postigo-distincao-de-ouro-da-afm\/#primaryimage"},"thumbnailUrl":"https:\/\/maquinser.com\/wp-content\/uploads\/2025\/05\/Insignia-AFM-Postigo-1.jpg","datePublished":"2025-05-16T11:14:20+00:00","dateModified":"2025-05-16T11:42:21+00:00","description":"AFM concedeu a sua distin\u00e7\u00e3o de Ouro a Antonio Postigo como reconhecimento pela sua longa trajet\u00f3ria profissional e contributo da ind\u00fastria","breadcrumb":{"@id":"https:\/\/maquinser.com\/pt-pt\/antonio-postigo-distincao-de-ouro-da-afm\/#breadcrumb"},"inLanguage":"pt-PT","potentialAction":[{"@type":"ReadAction","target":["https:\/\/maquinser.com\/pt-pt\/antonio-postigo-distincao-de-ouro-da-afm\/"]}]},{"@type":"ImageObject","inLanguage":"pt-PT","@id":"https:\/\/maquinser.com\/pt-pt\/antonio-postigo-distincao-de-ouro-da-afm\/#primaryimage","url":"https:\/\/maquinser.com\/wp-content\/uploads\/2025\/05\/Insignia-AFM-Postigo-1.jpg","contentUrl":"https:\/\/maquinser.com\/wp-content\/uploads\/2025\/05\/Insignia-AFM-Postigo-1.jpg","width":2048,"height":1365},{"@type":"BreadcrumbList","@id":"https:\/\/maquinser.com\/pt-pt\/antonio-postigo-distincao-de-ouro-da-afm\/#breadcrumb","itemListElement":[{"@type":"ListItem","position":1,"name":"Portada","item":"https:\/\/maquinser.com\/pt-pt\/"},{"@type":"ListItem","position":2,"name":"Antonio Postigo, Distin\u00e7\u00e3o de&hellip;"}]},{"@type":"WebSite","@id":"https:\/\/maquinser.com\/pt-pt\/#website","url":"https:\/\/maquinser.com\/pt-pt\/","name":"Maquinser - Maquinaria y Servicios para la Industria Metalmec\u00e1nica","description":"","publisher":{"@id":"https:\/\/maquinser.com\/pt-pt\/#organization"},"potentialAction":[{"@type":"SearchAction","target":{"@type":"EntryPoint","urlTemplate":"https:\/\/maquinser.com\/pt-pt\/?s={search_term_string}"},"query-input":{"@type":"PropertyValueSpecification","valueRequired":true,"valueName":"search_term_string"}}],"inLanguage":"pt-PT"},{"@type":"Organization","@id":"https:\/\/maquinser.com\/pt-pt\/#organization","name":"Maquinser","url":"https:\/\/maquinser.com\/pt-pt\/","logo":{"@type":"ImageObject","inLanguage":"pt-PT","@id":"https:\/\/maquinser.com\/pt-pt\/#\/schema\/logo\/image\/","url":"http:\/\/maquinser.com\/wp-content\/uploads\/2016\/10\/MAQUINSER_Logo_oficial.jpg","contentUrl":"http:\/\/maquinser.com\/wp-content\/uploads\/2016\/10\/MAQUINSER_Logo_oficial.jpg","width":1411,"height":326,"caption":"Maquinser"},"image":{"@id":"https:\/\/maquinser.com\/pt-pt\/#\/schema\/logo\/image\/"},"sameAs":["http:\/\/fb.me\/Maquinser","https:\/\/x.com\/Maquinser","http:\/\/maquinser20s.a."]},{"@type":"Person","@id":"https:\/\/maquinser.com\/pt-pt\/#\/schema\/person\/ae605362e83ef1d716834c674a782328","name":"Joan","image":{"@type":"ImageObject","inLanguage":"pt-PT","@id":"https:\/\/secure.gravatar.com\/avatar\/0f6b39506da59a35208ad4b294a2a8531e650488ab28a2b5d4f9367d26bebcaf?s=96&d=mm&r=g","url":"https:\/\/secure.gravatar.com\/avatar\/0f6b39506da59a35208ad4b294a2a8531e650488ab28a2b5d4f9367d26bebcaf?s=96&d=mm&r=g","contentUrl":"https:\/\/secure.gravatar.com\/avatar\/0f6b39506da59a35208ad4b294a2a8531e650488ab28a2b5d4f9367d26bebcaf?s=96&d=mm&r=g","caption":"Joan"},"url":"https:\/\/maquinser.com\/pt-pt\/author\/marketing\/"}]}},"_links":{"self":[{"href":"https:\/\/maquinser.com\/pt-pt\/wp-json\/wp\/v2\/posts\/13666","targetHints":{"allow":["GET"]}}],"collection":[{"href":"https:\/\/maquinser.com\/pt-pt\/wp-json\/wp\/v2\/posts"}],"about":[{"href":"https:\/\/maquinser.com\/pt-pt\/wp-json\/wp\/v2\/types\/post"}],"author":[{"embeddable":true,"href":"https:\/\/maquinser.com\/pt-pt\/wp-json\/wp\/v2\/users\/2"}],"replies":[{"embeddable":true,"href":"https:\/\/maquinser.com\/pt-pt\/wp-json\/wp\/v2\/comments?post=13666"}],"version-history":[{"count":1,"href":"https:\/\/maquinser.com\/pt-pt\/wp-json\/wp\/v2\/posts\/13666\/revisions"}],"predecessor-version":[{"id":13667,"href":"https:\/\/maquinser.com\/pt-pt\/wp-json\/wp\/v2\/posts\/13666\/revisions\/13667"}],"wp:featuredmedia":[{"embeddable":true,"href":"https:\/\/maquinser.com\/pt-pt\/wp-json\/wp\/v2\/media\/13656"}],"wp:attachment":[{"href":"https:\/\/maquinser.com\/pt-pt\/wp-json\/wp\/v2\/media?parent=13666"}],"wp:term":[{"taxonomy":"category","embeddable":true,"href":"https:\/\/maquinser.com\/pt-pt\/wp-json\/wp\/v2\/categories?post=13666"},{"taxonomy":"post_tag","embeddable":true,"href":"https:\/\/maquinser.com\/pt-pt\/wp-json\/wp\/v2\/tags?post=13666"},{"taxonomy":"post_series","embeddable":true,"href":"https:\/\/maquinser.com\/pt-pt\/wp-json\/wp\/v2\/post_series?post=13666"}],"curies":[{"name":"wp","href":"https:\/\/api.w.org\/{rel}","templated":true}]}}