{"id":12051,"date":"2023-10-03T08:31:27","date_gmt":"2023-10-03T06:31:27","guid":{"rendered":"https:\/\/maquinser.com\/maquinser-celebrates-500-muratec-sales\/"},"modified":"2023-10-18T09:46:02","modified_gmt":"2023-10-18T07:46:02","slug":"maquinser-celebra-500-vendas-muratec","status":"publish","type":"post","link":"https:\/\/maquinser.com\/pt-pt\/maquinser-celebra-500-vendas-muratec\/","title":{"rendered":"Maquinser celebra 500 vendas Muratec na Pen\u00ednsula Ib\u00e9rica"},"content":{"rendered":"<h4>500 vendas Muratec<\/h4>\n<p>Durante a prestigiada feira industrial EMO Hannover 2023, um evento de especial import\u00e2ncia para a ind\u00fastria transformadora, a Maquinser e a Muratec realizaram uma celebra\u00e7\u00e3o, com a presen\u00e7a da dire\u00e7\u00e3o e da equipa comercial de ambas as empresas. A alian\u00e7a entre estas duas empresas conseguiu a venda de mais de 500 Muratecs na Pen\u00ednsula Ib\u00e9rica.<\/p>\n<p>O pr\u00e9mio honor\u00e1rio, em reconhecimento desta colabora\u00e7\u00e3o, foi entregue ao presidente da Maquinser, Sr. Antonio Postigo, por Yosuke Murata, Vice-Presidente Executivo da Muratec, que expressou a sua gratid\u00e3o \u00e0 Maquinser pela sua incans\u00e1vel dedica\u00e7\u00e3o e apoio ao desenvolvimento tecnol\u00f3gico da ind\u00fastria ib\u00e9rica.<\/p>\n<p>Esta conquista n\u00e3o reflecte apenas n\u00fameros e vendas, mas \u00e9 o fruto de uma rela\u00e7\u00e3o comercial (e pessoal) baseada na confian\u00e7a m\u00fatua e no compromisso de ambas as empresas em tornar a ind\u00fastria metalomec\u00e2nica mais eficiente, precisa e sustent\u00e1vel, dia ap\u00f3s dia.<\/p>\n","protected":false},"excerpt":{"rendered":"<p>500 vendas Muratec Durante a prestigiada feira industrial EMO Hannover 2023, um evento de especial import\u00e2ncia para a ind\u00fastria transformadora, a Maquinser e a Muratec realizaram uma celebra\u00e7\u00e3o, com a presen\u00e7a da dire\u00e7\u00e3o e da equipa comercial de ambas as empresas. A alian\u00e7a entre estas duas empresas conseguiu a venda de mais de 500 Muratecs&hellip;<\/p>\n","protected":false},"author":2,"featured_media":12042,"comment_status":"closed","ping_status":"open","sticky":false,"template":"","format":"standard","meta":{"footnotes":""},"categories":[44],"tags":[],"post_series":[],"class_list":["post-12051","post","type-post","status-publish","format-standard","has-post-thumbnail","hentry","category-noticias-pt-pt","entry","has-media"],"yoast_head":"<!-- This site is optimized with the Yoast SEO plugin v27.5 - https:\/\/yoast.com\/product\/yoast-seo-wordpress\/ -->\n<title>Maquinser celebra 500 vendas Muratec na Pen\u00ednsula Ib\u00e9rica<\/title>\n<meta name=\"description\" content=\"A alian\u00e7a entre estas duas empresas, Muratec &amp; Maquinser, celebra 500 vendas Muratec na Pen\u00ednsula Ib\u00e9rica.\" \/>\n<meta name=\"robots\" content=\"index, follow, max-snippet:-1, max-image-preview:large, max-video-preview:-1\" \/>\n<link rel=\"canonical\" href=\"https:\/\/maquinser.com\/pt-pt\/maquinser-celebra-500-vendas-muratec\/\" \/>\n<meta property=\"og:locale\" content=\"pt_PT\" \/>\n<meta property=\"og:type\" content=\"article\" \/>\n<meta property=\"og:title\" content=\"Maquinser celebra 500 vendas Muratec na Pen\u00ednsula Ib\u00e9rica\" \/>\n<meta property=\"og:description\" content=\"A alian\u00e7a entre estas duas empresas, Muratec &amp; Maquinser, celebra 500 vendas Muratec na Pen\u00ednsula Ib\u00e9rica.\" \/>\n<meta property=\"og:url\" content=\"https:\/\/maquinser.com\/pt-pt\/maquinser-celebra-500-vendas-muratec\/\" \/>\n<meta property=\"og:site_name\" content=\"Maquinser - Maquinaria y Servicios para la Industria Metalmec\u00e1nica\" \/>\n<meta property=\"article:publisher\" content=\"http:\/\/fb.me\/Maquinser\" \/>\n<meta property=\"article:published_time\" content=\"2023-10-03T06:31:27+00:00\" \/>\n<meta property=\"article:modified_time\" content=\"2023-10-18T07:46:02+00:00\" \/>\n<meta property=\"og:image\" content=\"https:\/\/maquinser.com\/wp-content\/uploads\/2023\/10\/murata-con-mr-postigo.jpg\" \/>\n\t<meta property=\"og:image:width\" content=\"1300\" \/>\n\t<meta property=\"og:image:height\" content=\"867\" \/>\n\t<meta property=\"og:image:type\" content=\"image\/jpeg\" \/>\n<meta name=\"author\" content=\"Joan\" \/>\n<meta name=\"twitter:card\" content=\"summary_large_image\" \/>\n<meta name=\"twitter:creator\" content=\"@Maquinser\" \/>\n<meta name=\"twitter:site\" content=\"@Maquinser\" \/>\n<meta name=\"twitter:label1\" content=\"Escrito por\" \/>\n\t<meta name=\"twitter:data1\" content=\"Joan\" \/>\n\t<meta name=\"twitter:label2\" content=\"Tempo estimado de leitura\" \/>\n\t<meta name=\"twitter:data2\" content=\"1 minuto\" \/>\n<script type=\"application\/ld+json\" class=\"yoast-schema-graph\">{\"@context\":\"https:\\\/\\\/schema.org\",\"@graph\":[{\"@type\":\"Article\",\"@id\":\"https:\\\/\\\/maquinser.com\\\/pt-pt\\\/maquinser-celebra-500-vendas-muratec\\\/#article\",\"isPartOf\":{\"@id\":\"https:\\\/\\\/maquinser.com\\\/pt-pt\\\/maquinser-celebra-500-vendas-muratec\\\/\"},\"author\":{\"name\":\"Joan\",\"@id\":\"https:\\\/\\\/maquinser.com\\\/pt-pt\\\/#\\\/schema\\\/person\\\/ae605362e83ef1d716834c674a782328\"},\"headline\":\"Maquinser celebra 500 vendas Muratec na Pen\u00ednsula Ib\u00e9rica\",\"datePublished\":\"2023-10-03T06:31:27+00:00\",\"dateModified\":\"2023-10-18T07:46:02+00:00\",\"mainEntityOfPage\":{\"@id\":\"https:\\\/\\\/maquinser.com\\\/pt-pt\\\/maquinser-celebra-500-vendas-muratec\\\/\"},\"wordCount\":172,\"publisher\":{\"@id\":\"https:\\\/\\\/maquinser.com\\\/pt-pt\\\/#organization\"},\"image\":{\"@id\":\"https:\\\/\\\/maquinser.com\\\/pt-pt\\\/maquinser-celebra-500-vendas-muratec\\\/#primaryimage\"},\"thumbnailUrl\":\"https:\\\/\\\/maquinser.com\\\/wp-content\\\/uploads\\\/2023\\\/10\\\/murata-con-mr-postigo.jpg\",\"articleSection\":[\"Not\u00edcias @pt-pt\"],\"inLanguage\":\"pt-PT\"},{\"@type\":\"WebPage\",\"@id\":\"https:\\\/\\\/maquinser.com\\\/pt-pt\\\/maquinser-celebra-500-vendas-muratec\\\/\",\"url\":\"https:\\\/\\\/maquinser.com\\\/pt-pt\\\/maquinser-celebra-500-vendas-muratec\\\/\",\"name\":\"Maquinser celebra 500 vendas Muratec na Pen\u00ednsula Ib\u00e9rica\",\"isPartOf\":{\"@id\":\"https:\\\/\\\/maquinser.com\\\/pt-pt\\\/#website\"},\"primaryImageOfPage\":{\"@id\":\"https:\\\/\\\/maquinser.com\\\/pt-pt\\\/maquinser-celebra-500-vendas-muratec\\\/#primaryimage\"},\"image\":{\"@id\":\"https:\\\/\\\/maquinser.com\\\/pt-pt\\\/maquinser-celebra-500-vendas-muratec\\\/#primaryimage\"},\"thumbnailUrl\":\"https:\\\/\\\/maquinser.com\\\/wp-content\\\/uploads\\\/2023\\\/10\\\/murata-con-mr-postigo.jpg\",\"datePublished\":\"2023-10-03T06:31:27+00:00\",\"dateModified\":\"2023-10-18T07:46:02+00:00\",\"description\":\"A alian\u00e7a entre estas duas empresas, Muratec & Maquinser, celebra 500 vendas Muratec na Pen\u00ednsula Ib\u00e9rica.\",\"breadcrumb\":{\"@id\":\"https:\\\/\\\/maquinser.com\\\/pt-pt\\\/maquinser-celebra-500-vendas-muratec\\\/#breadcrumb\"},\"inLanguage\":\"pt-PT\",\"potentialAction\":[{\"@type\":\"ReadAction\",\"target\":[\"https:\\\/\\\/maquinser.com\\\/pt-pt\\\/maquinser-celebra-500-vendas-muratec\\\/\"]}]},{\"@type\":\"ImageObject\",\"inLanguage\":\"pt-PT\",\"@id\":\"https:\\\/\\\/maquinser.com\\\/pt-pt\\\/maquinser-celebra-500-vendas-muratec\\\/#primaryimage\",\"url\":\"https:\\\/\\\/maquinser.com\\\/wp-content\\\/uploads\\\/2023\\\/10\\\/murata-con-mr-postigo.jpg\",\"contentUrl\":\"https:\\\/\\\/maquinser.com\\\/wp-content\\\/uploads\\\/2023\\\/10\\\/murata-con-mr-postigo.jpg\",\"width\":1300,\"height\":867},{\"@type\":\"BreadcrumbList\",\"@id\":\"https:\\\/\\\/maquinser.com\\\/pt-pt\\\/maquinser-celebra-500-vendas-muratec\\\/#breadcrumb\",\"itemListElement\":[{\"@type\":\"ListItem\",\"position\":1,\"name\":\"Portada\",\"item\":\"https:\\\/\\\/maquinser.com\\\/pt-pt\\\/\"},{\"@type\":\"ListItem\",\"position\":2,\"name\":\"Maquinser celebra 500 vendas&hellip;\"}]},{\"@type\":\"WebSite\",\"@id\":\"https:\\\/\\\/maquinser.com\\\/pt-pt\\\/#website\",\"url\":\"https:\\\/\\\/maquinser.com\\\/pt-pt\\\/\",\"name\":\"Maquinser - Maquinaria y Servicios para la Industria Metalmec\u00e1nica\",\"description\":\"\",\"publisher\":{\"@id\":\"https:\\\/\\\/maquinser.com\\\/pt-pt\\\/#organization\"},\"potentialAction\":[{\"@type\":\"SearchAction\",\"target\":{\"@type\":\"EntryPoint\",\"urlTemplate\":\"https:\\\/\\\/maquinser.com\\\/pt-pt\\\/?s={search_term_string}\"},\"query-input\":{\"@type\":\"PropertyValueSpecification\",\"valueRequired\":true,\"valueName\":\"search_term_string\"}}],\"inLanguage\":\"pt-PT\"},{\"@type\":\"Organization\",\"@id\":\"https:\\\/\\\/maquinser.com\\\/pt-pt\\\/#organization\",\"name\":\"Maquinser\",\"url\":\"https:\\\/\\\/maquinser.com\\\/pt-pt\\\/\",\"logo\":{\"@type\":\"ImageObject\",\"inLanguage\":\"pt-PT\",\"@id\":\"https:\\\/\\\/maquinser.com\\\/pt-pt\\\/#\\\/schema\\\/logo\\\/image\\\/\",\"url\":\"http:\\\/\\\/maquinser.com\\\/wp-content\\\/uploads\\\/2016\\\/10\\\/MAQUINSER_Logo_oficial.jpg\",\"contentUrl\":\"http:\\\/\\\/maquinser.com\\\/wp-content\\\/uploads\\\/2016\\\/10\\\/MAQUINSER_Logo_oficial.jpg\",\"width\":1411,\"height\":326,\"caption\":\"Maquinser\"},\"image\":{\"@id\":\"https:\\\/\\\/maquinser.com\\\/pt-pt\\\/#\\\/schema\\\/logo\\\/image\\\/\"},\"sameAs\":[\"http:\\\/\\\/fb.me\\\/Maquinser\",\"https:\\\/\\\/x.com\\\/Maquinser\",\"http:\\\/\\\/maquinser20s.a.\"]},{\"@type\":\"Person\",\"@id\":\"https:\\\/\\\/maquinser.com\\\/pt-pt\\\/#\\\/schema\\\/person\\\/ae605362e83ef1d716834c674a782328\",\"name\":\"Joan\",\"image\":{\"@type\":\"ImageObject\",\"inLanguage\":\"pt-PT\",\"@id\":\"https:\\\/\\\/secure.gravatar.com\\\/avatar\\\/0f6b39506da59a35208ad4b294a2a8531e650488ab28a2b5d4f9367d26bebcaf?s=96&d=mm&r=g\",\"url\":\"https:\\\/\\\/secure.gravatar.com\\\/avatar\\\/0f6b39506da59a35208ad4b294a2a8531e650488ab28a2b5d4f9367d26bebcaf?s=96&d=mm&r=g\",\"contentUrl\":\"https:\\\/\\\/secure.gravatar.com\\\/avatar\\\/0f6b39506da59a35208ad4b294a2a8531e650488ab28a2b5d4f9367d26bebcaf?s=96&d=mm&r=g\",\"caption\":\"Joan\"},\"url\":\"https:\\\/\\\/maquinser.com\\\/pt-pt\\\/author\\\/marketing\\\/\"}]}<\/script>\n<!-- \/ Yoast SEO plugin. -->","yoast_head_json":{"title":"Maquinser celebra 500 vendas Muratec na Pen\u00ednsula Ib\u00e9rica","description":"A alian\u00e7a entre estas duas empresas, Muratec & Maquinser, celebra 500 vendas Muratec na Pen\u00ednsula Ib\u00e9rica.","robots":{"index":"index","follow":"follow","max-snippet":"max-snippet:-1","max-image-preview":"max-image-preview:large","max-video-preview":"max-video-preview:-1"},"canonical":"https:\/\/maquinser.com\/pt-pt\/maquinser-celebra-500-vendas-muratec\/","og_locale":"pt_PT","og_type":"article","og_title":"Maquinser celebra 500 vendas Muratec na Pen\u00ednsula Ib\u00e9rica","og_description":"A alian\u00e7a entre estas duas empresas, Muratec & Maquinser, celebra 500 vendas Muratec na Pen\u00ednsula Ib\u00e9rica.","og_url":"https:\/\/maquinser.com\/pt-pt\/maquinser-celebra-500-vendas-muratec\/","og_site_name":"Maquinser - Maquinaria y Servicios para la Industria Metalmec\u00e1nica","article_publisher":"http:\/\/fb.me\/Maquinser","article_published_time":"2023-10-03T06:31:27+00:00","article_modified_time":"2023-10-18T07:46:02+00:00","og_image":[{"width":1300,"height":867,"url":"https:\/\/maquinser.com\/wp-content\/uploads\/2023\/10\/murata-con-mr-postigo.jpg","type":"image\/jpeg"}],"author":"Joan","twitter_card":"summary_large_image","twitter_creator":"@Maquinser","twitter_site":"@Maquinser","twitter_misc":{"Escrito por":"Joan","Tempo estimado de leitura":"1 minuto"},"schema":{"@context":"https:\/\/schema.org","@graph":[{"@type":"Article","@id":"https:\/\/maquinser.com\/pt-pt\/maquinser-celebra-500-vendas-muratec\/#article","isPartOf":{"@id":"https:\/\/maquinser.com\/pt-pt\/maquinser-celebra-500-vendas-muratec\/"},"author":{"name":"Joan","@id":"https:\/\/maquinser.com\/pt-pt\/#\/schema\/person\/ae605362e83ef1d716834c674a782328"},"headline":"Maquinser celebra 500 vendas Muratec na Pen\u00ednsula Ib\u00e9rica","datePublished":"2023-10-03T06:31:27+00:00","dateModified":"2023-10-18T07:46:02+00:00","mainEntityOfPage":{"@id":"https:\/\/maquinser.com\/pt-pt\/maquinser-celebra-500-vendas-muratec\/"},"wordCount":172,"publisher":{"@id":"https:\/\/maquinser.com\/pt-pt\/#organization"},"image":{"@id":"https:\/\/maquinser.com\/pt-pt\/maquinser-celebra-500-vendas-muratec\/#primaryimage"},"thumbnailUrl":"https:\/\/maquinser.com\/wp-content\/uploads\/2023\/10\/murata-con-mr-postigo.jpg","articleSection":["Not\u00edcias @pt-pt"],"inLanguage":"pt-PT"},{"@type":"WebPage","@id":"https:\/\/maquinser.com\/pt-pt\/maquinser-celebra-500-vendas-muratec\/","url":"https:\/\/maquinser.com\/pt-pt\/maquinser-celebra-500-vendas-muratec\/","name":"Maquinser celebra 500 vendas Muratec na Pen\u00ednsula Ib\u00e9rica","isPartOf":{"@id":"https:\/\/maquinser.com\/pt-pt\/#website"},"primaryImageOfPage":{"@id":"https:\/\/maquinser.com\/pt-pt\/maquinser-celebra-500-vendas-muratec\/#primaryimage"},"image":{"@id":"https:\/\/maquinser.com\/pt-pt\/maquinser-celebra-500-vendas-muratec\/#primaryimage"},"thumbnailUrl":"https:\/\/maquinser.com\/wp-content\/uploads\/2023\/10\/murata-con-mr-postigo.jpg","datePublished":"2023-10-03T06:31:27+00:00","dateModified":"2023-10-18T07:46:02+00:00","description":"A alian\u00e7a entre estas duas empresas, Muratec & Maquinser, celebra 500 vendas Muratec na Pen\u00ednsula Ib\u00e9rica.","breadcrumb":{"@id":"https:\/\/maquinser.com\/pt-pt\/maquinser-celebra-500-vendas-muratec\/#breadcrumb"},"inLanguage":"pt-PT","potentialAction":[{"@type":"ReadAction","target":["https:\/\/maquinser.com\/pt-pt\/maquinser-celebra-500-vendas-muratec\/"]}]},{"@type":"ImageObject","inLanguage":"pt-PT","@id":"https:\/\/maquinser.com\/pt-pt\/maquinser-celebra-500-vendas-muratec\/#primaryimage","url":"https:\/\/maquinser.com\/wp-content\/uploads\/2023\/10\/murata-con-mr-postigo.jpg","contentUrl":"https:\/\/maquinser.com\/wp-content\/uploads\/2023\/10\/murata-con-mr-postigo.jpg","width":1300,"height":867},{"@type":"BreadcrumbList","@id":"https:\/\/maquinser.com\/pt-pt\/maquinser-celebra-500-vendas-muratec\/#breadcrumb","itemListElement":[{"@type":"ListItem","position":1,"name":"Portada","item":"https:\/\/maquinser.com\/pt-pt\/"},{"@type":"ListItem","position":2,"name":"Maquinser celebra 500 vendas&hellip;"}]},{"@type":"WebSite","@id":"https:\/\/maquinser.com\/pt-pt\/#website","url":"https:\/\/maquinser.com\/pt-pt\/","name":"Maquinser - Maquinaria y Servicios para la Industria Metalmec\u00e1nica","description":"","publisher":{"@id":"https:\/\/maquinser.com\/pt-pt\/#organization"},"potentialAction":[{"@type":"SearchAction","target":{"@type":"EntryPoint","urlTemplate":"https:\/\/maquinser.com\/pt-pt\/?s={search_term_string}"},"query-input":{"@type":"PropertyValueSpecification","valueRequired":true,"valueName":"search_term_string"}}],"inLanguage":"pt-PT"},{"@type":"Organization","@id":"https:\/\/maquinser.com\/pt-pt\/#organization","name":"Maquinser","url":"https:\/\/maquinser.com\/pt-pt\/","logo":{"@type":"ImageObject","inLanguage":"pt-PT","@id":"https:\/\/maquinser.com\/pt-pt\/#\/schema\/logo\/image\/","url":"http:\/\/maquinser.com\/wp-content\/uploads\/2016\/10\/MAQUINSER_Logo_oficial.jpg","contentUrl":"http:\/\/maquinser.com\/wp-content\/uploads\/2016\/10\/MAQUINSER_Logo_oficial.jpg","width":1411,"height":326,"caption":"Maquinser"},"image":{"@id":"https:\/\/maquinser.com\/pt-pt\/#\/schema\/logo\/image\/"},"sameAs":["http:\/\/fb.me\/Maquinser","https:\/\/x.com\/Maquinser","http:\/\/maquinser20s.a."]},{"@type":"Person","@id":"https:\/\/maquinser.com\/pt-pt\/#\/schema\/person\/ae605362e83ef1d716834c674a782328","name":"Joan","image":{"@type":"ImageObject","inLanguage":"pt-PT","@id":"https:\/\/secure.gravatar.com\/avatar\/0f6b39506da59a35208ad4b294a2a8531e650488ab28a2b5d4f9367d26bebcaf?s=96&d=mm&r=g","url":"https:\/\/secure.gravatar.com\/avatar\/0f6b39506da59a35208ad4b294a2a8531e650488ab28a2b5d4f9367d26bebcaf?s=96&d=mm&r=g","contentUrl":"https:\/\/secure.gravatar.com\/avatar\/0f6b39506da59a35208ad4b294a2a8531e650488ab28a2b5d4f9367d26bebcaf?s=96&d=mm&r=g","caption":"Joan"},"url":"https:\/\/maquinser.com\/pt-pt\/author\/marketing\/"}]}},"_links":{"self":[{"href":"https:\/\/maquinser.com\/pt-pt\/wp-json\/wp\/v2\/posts\/12051","targetHints":{"allow":["GET"]}}],"collection":[{"href":"https:\/\/maquinser.com\/pt-pt\/wp-json\/wp\/v2\/posts"}],"about":[{"href":"https:\/\/maquinser.com\/pt-pt\/wp-json\/wp\/v2\/types\/post"}],"author":[{"embeddable":true,"href":"https:\/\/maquinser.com\/pt-pt\/wp-json\/wp\/v2\/users\/2"}],"replies":[{"embeddable":true,"href":"https:\/\/maquinser.com\/pt-pt\/wp-json\/wp\/v2\/comments?post=12051"}],"version-history":[{"count":2,"href":"https:\/\/maquinser.com\/pt-pt\/wp-json\/wp\/v2\/posts\/12051\/revisions"}],"predecessor-version":[{"id":12053,"href":"https:\/\/maquinser.com\/pt-pt\/wp-json\/wp\/v2\/posts\/12051\/revisions\/12053"}],"wp:featuredmedia":[{"embeddable":true,"href":"https:\/\/maquinser.com\/pt-pt\/wp-json\/wp\/v2\/media\/12042"}],"wp:attachment":[{"href":"https:\/\/maquinser.com\/pt-pt\/wp-json\/wp\/v2\/media?parent=12051"}],"wp:term":[{"taxonomy":"category","embeddable":true,"href":"https:\/\/maquinser.com\/pt-pt\/wp-json\/wp\/v2\/categories?post=12051"},{"taxonomy":"post_tag","embeddable":true,"href":"https:\/\/maquinser.com\/pt-pt\/wp-json\/wp\/v2\/tags?post=12051"},{"taxonomy":"post_series","embeddable":true,"href":"https:\/\/maquinser.com\/pt-pt\/wp-json\/wp\/v2\/post_series?post=12051"}],"curies":[{"name":"wp","href":"https:\/\/api.w.org\/{rel}","templated":true}]}}