{"id":12024,"date":"2023-09-08T08:53:35","date_gmt":"2023-09-08T06:53:35","guid":{"rendered":"https:\/\/maquinser.com\/?p=12024"},"modified":"2023-09-08T08:53:35","modified_gmt":"2023-09-08T06:53:35","slug":"regresso-da-emo-hannover-2023","status":"publish","type":"post","link":"https:\/\/maquinser.com\/pt-pt\/regresso-da-emo-hannover-2023\/","title":{"rendered":"Regresso da EMO Hannover 2023"},"content":{"rendered":"<h1>Regresso da EMO Hannover 2023<\/h1>\n<p>Ap\u00f3s quatro anos, o<strong> regresso da EMO Hannover 2023<\/strong>, um dos eventos mais aguardados da ind\u00fastria transformadora mundial, \u00e9 agora uma realidade e abrir\u00e1 as suas portas a 18 de setembro no maior recinto de feiras do mundo, a HANNOVER MESSE.<\/p>\n<p>Como em todas as edi\u00e7\u00f5es, a nossa equipa de gest\u00e3o e de vendas estar\u00e1 ao lado dos seus representantes, colaborando na apresenta\u00e7\u00e3o das \u00faltimas inova\u00e7\u00f5es em m\u00e1quinas-ferramentas, automa\u00e7\u00e3o industrial, tecnologia de fabrico, solu\u00e7\u00f5es de software e maquina\u00e7\u00e3o de alta precis\u00e3o, tornando o evento num acontecimento fundamental para descobrir as \u00faltimas tend\u00eancias da produ\u00e7\u00e3o industrial.<\/p>\n<p>Se quiser saber em primeira m\u00e3o todas as \u00faltimas novidades do sector, novas estrat\u00e9gias e partilhar conhecimentos com especialistas do sector<br \/>\nEntre em contacto <a href=\"mailto:mailtomaquinser@maquinser.com\">connosco!<\/a><\/p>\n<p>Encontrar\u00e1 as nossas representadas nos seguintes stands:<\/p>\n<p><strong>\u00bb<\/strong><a href=\"https:\/\/maquinser.com\/matsuura\/\" target=\"_blank\" rel=\"noopener\"><strong> Matsuura<\/strong><\/a><strong> \u00bb Hall 15, <a href=\"https:\/\/visitors.emo-hannover.de\/exhibitor\/matsuura\/067002\" target=\"_blank\" rel=\"noopener\">Stand B50<\/a><\/strong><\/p>\n<p><a href=\"https:\/\/maquinser.com\/wp-content\/uploads\/2023\/07\/Online_EMO-2023_Matsuura-1024x304.jpg\"><img loading=\"lazy\" decoding=\"async\" class=\"alignnone wp-image-11989 size-large\" src=\"https:\/\/maquinser.com\/wp-content\/uploads\/2023\/07\/Online_EMO-2023_Matsuura-1024x304.jpg\" alt=\"\" width=\"980\" height=\"291\" srcset=\"https:\/\/maquinser.com\/wp-content\/uploads\/2023\/07\/Online_EMO-2023_Matsuura-1024x304.jpg 1024w, https:\/\/maquinser.com\/wp-content\/uploads\/2023\/07\/Online_EMO-2023_Matsuura-300x89.jpg 300w, https:\/\/maquinser.com\/wp-content\/uploads\/2023\/07\/Online_EMO-2023_Matsuura-768x228.jpg 768w, https:\/\/maquinser.com\/wp-content\/uploads\/2023\/07\/Online_EMO-2023_Matsuura-600x178.jpg 600w, https:\/\/maquinser.com\/wp-content\/uploads\/2023\/07\/Online_EMO-2023_Matsuura.jpg 1501w\" sizes=\"auto, (max-width: 980px) 100vw, 980px\" \/><\/a><\/p>\n<p><strong><br \/>\n<\/strong><a href=\"https:\/\/maquinser.com\/muratec\/\" target=\"_blank\" rel=\"noopener\"><strong>\u00bb Muratec<\/strong><\/a><strong> \u00bb Hall 17, <a href=\"https:\/\/visitors.emo-hannover.de\/exhibitor\/muratec\/066960\" target=\"_blank\" rel=\"noopener\">Stand D14<\/a><br \/>\n<a href=\"https:\/\/maquinser.com\/wp-content\/uploads\/2023\/07\/Online_EMO-2023_Muratec-1024x304.jpg\"><img loading=\"lazy\" decoding=\"async\" class=\"alignnone wp-image-11992 size-large\" src=\"https:\/\/maquinser.com\/wp-content\/uploads\/2023\/07\/Online_EMO-2023_Muratec-1024x304.jpg\" alt=\"\" width=\"980\" height=\"291\" srcset=\"https:\/\/maquinser.com\/wp-content\/uploads\/2023\/07\/Online_EMO-2023_Muratec-1024x304.jpg 1024w, https:\/\/maquinser.com\/wp-content\/uploads\/2023\/07\/Online_EMO-2023_Muratec-300x89.jpg 300w, https:\/\/maquinser.com\/wp-content\/uploads\/2023\/07\/Online_EMO-2023_Muratec-768x228.jpg 768w, https:\/\/maquinser.com\/wp-content\/uploads\/2023\/07\/Online_EMO-2023_Muratec-600x178.jpg 600w, https:\/\/maquinser.com\/wp-content\/uploads\/2023\/07\/Online_EMO-2023_Muratec.jpg 1501w\" sizes=\"auto, (max-width: 980px) 100vw, 980px\" \/><\/a><\/strong><br \/>\n<a href=\"https:\/\/maquinser.com\/tsugami\/\" target=\"_blank\" rel=\"noopener\"><strong>\u00bb Tsugami<\/strong><\/a><strong> \u00bb Hall 17, <a href=\"https:\/\/visitors.emo-hannover.de\/exhibitor\/tsugami\/066192\">Stand A56<\/a><br \/>\n<a href=\"https:\/\/maquinser.com\/wp-content\/uploads\/2023\/07\/Online_EMO-2023_Tsugami-CM-1024x304.jpg\"><img loading=\"lazy\" decoding=\"async\" class=\"alignnone wp-image-11999 size-large\" src=\"https:\/\/maquinser.com\/wp-content\/uploads\/2023\/07\/Online_EMO-2023_Tsugami-CM-1024x304.jpg\" alt=\"\" width=\"980\" height=\"291\" srcset=\"https:\/\/maquinser.com\/wp-content\/uploads\/2023\/07\/Online_EMO-2023_Tsugami-CM-1024x304.jpg 1024w, https:\/\/maquinser.com\/wp-content\/uploads\/2023\/07\/Online_EMO-2023_Tsugami-CM-300x89.jpg 300w, https:\/\/maquinser.com\/wp-content\/uploads\/2023\/07\/Online_EMO-2023_Tsugami-CM-768x228.jpg 768w, https:\/\/maquinser.com\/wp-content\/uploads\/2023\/07\/Online_EMO-2023_Tsugami-CM-600x178.jpg 600w, https:\/\/maquinser.com\/wp-content\/uploads\/2023\/07\/Online_EMO-2023_Tsugami-CM.jpg 1501w\" sizes=\"auto, (max-width: 980px) 100vw, 980px\" \/><\/a><br \/>\n<a href=\"https:\/\/maquinser.com\/wp-content\/uploads\/2023\/07\/Online_EMO-2023-_Tsugami-FIJO-1024x304.jpg\"><img loading=\"lazy\" decoding=\"async\" class=\"alignnone wp-image-12005 size-large\" src=\"https:\/\/maquinser.com\/wp-content\/uploads\/2023\/07\/Online_EMO-2023-_Tsugami-FIJO-1024x304.jpg\" alt=\"\" width=\"980\" height=\"291\" srcset=\"https:\/\/maquinser.com\/wp-content\/uploads\/2023\/07\/Online_EMO-2023-_Tsugami-FIJO-1024x304.jpg 1024w, https:\/\/maquinser.com\/wp-content\/uploads\/2023\/07\/Online_EMO-2023-_Tsugami-FIJO-300x89.jpg 300w, https:\/\/maquinser.com\/wp-content\/uploads\/2023\/07\/Online_EMO-2023-_Tsugami-FIJO-768x228.jpg 768w, https:\/\/maquinser.com\/wp-content\/uploads\/2023\/07\/Online_EMO-2023-_Tsugami-FIJO-600x178.jpg 600w, https:\/\/maquinser.com\/wp-content\/uploads\/2023\/07\/Online_EMO-2023-_Tsugami-FIJO.jpg 1501w\" sizes=\"auto, (max-width: 980px) 100vw, 980px\" \/><\/a><br \/>\n<\/strong><a href=\"https:\/\/maquinser.com\/datron\/\" target=\"_blank\" rel=\"noopener\"><strong>\u00bb Datron<\/strong><\/a><strong> \u00bb Hall 12, <a href=\"https:\/\/visitors.emo-hannover.de\/exhibitor\/datron\/066353\" target=\"_blank\" rel=\"noopener\">Stand D21<\/a><br \/>\n<a href=\"https:\/\/maquinser.com\/wp-content\/uploads\/2023\/07\/Online_EMO-2023_Datron-1024x304.jpg\"><img loading=\"lazy\" decoding=\"async\" class=\"alignnone wp-image-12014 size-large\" src=\"https:\/\/maquinser.com\/wp-content\/uploads\/2023\/07\/Online_EMO-2023_Datron-1024x304.jpg\" alt=\"\" width=\"980\" height=\"291\" srcset=\"https:\/\/maquinser.com\/wp-content\/uploads\/2023\/07\/Online_EMO-2023_Datron-1024x304.jpg 1024w, https:\/\/maquinser.com\/wp-content\/uploads\/2023\/07\/Online_EMO-2023_Datron-300x89.jpg 300w, https:\/\/maquinser.com\/wp-content\/uploads\/2023\/07\/Online_EMO-2023_Datron-768x228.jpg 768w, https:\/\/maquinser.com\/wp-content\/uploads\/2023\/07\/Online_EMO-2023_Datron-600x178.jpg 600w, https:\/\/maquinser.com\/wp-content\/uploads\/2023\/07\/Online_EMO-2023_Datron.jpg 1501w\" sizes=\"auto, (max-width: 980px) 100vw, 980px\" \/><\/a><\/strong><br \/>\n<a href=\"https:\/\/maquinser.com\/biglia\/\" target=\"_blank\" rel=\"noopener\"><strong>\u00bb Biglia<\/strong><\/a><strong> \u00bb Hall 17, <a href=\"https:\/\/visitors.emo-hannover.de\/exhibitor\/biglia\/067681\" target=\"_blank\" rel=\"noopener\">Stand D61<\/a><br \/>\n<a href=\"https:\/\/maquinser.com\/wp-content\/uploads\/2023\/07\/Online_EMO-2023_Biglia-1024x304.jpg\"><img loading=\"lazy\" decoding=\"async\" class=\"alignnone wp-image-12011 size-large\" src=\"https:\/\/maquinser.com\/wp-content\/uploads\/2023\/07\/Online_EMO-2023_Biglia-1024x304.jpg\" alt=\"\" width=\"980\" height=\"291\" srcset=\"https:\/\/maquinser.com\/wp-content\/uploads\/2023\/07\/Online_EMO-2023_Biglia-1024x304.jpg 1024w, https:\/\/maquinser.com\/wp-content\/uploads\/2023\/07\/Online_EMO-2023_Biglia-300x89.jpg 300w, https:\/\/maquinser.com\/wp-content\/uploads\/2023\/07\/Online_EMO-2023_Biglia-768x228.jpg 768w, https:\/\/maquinser.com\/wp-content\/uploads\/2023\/07\/Online_EMO-2023_Biglia-600x178.jpg 600w, https:\/\/maquinser.com\/wp-content\/uploads\/2023\/07\/Online_EMO-2023_Biglia.jpg 1501w\" sizes=\"auto, (max-width: 980px) 100vw, 980px\" \/><\/a><\/strong><br \/>\n<a href=\"https:\/\/maquinser.com\/leadwell\/\" target=\"_blank\" rel=\"noopener\"><strong>\u00bb Leadwell<\/strong><\/a><strong> \u00bb Hall 12, <a href=\"https:\/\/visitors.emo-hannover.de\/exhibitor\/leadwell\/066907\" target=\"_blank\" rel=\"noopener\">Stand B68<\/a><br \/>\n<a href=\"https:\/\/maquinser.com\/wp-content\/uploads\/2023\/07\/Online_EMO-2023_Leadwell-1024x304.jpg\"><img loading=\"lazy\" decoding=\"async\" class=\"alignnone wp-image-11986 size-large\" src=\"https:\/\/maquinser.com\/wp-content\/uploads\/2023\/07\/Online_EMO-2023_Leadwell-1024x304.jpg\" alt=\"\" width=\"980\" height=\"291\" srcset=\"https:\/\/maquinser.com\/wp-content\/uploads\/2023\/07\/Online_EMO-2023_Leadwell-1024x304.jpg 1024w, https:\/\/maquinser.com\/wp-content\/uploads\/2023\/07\/Online_EMO-2023_Leadwell-300x89.jpg 300w, https:\/\/maquinser.com\/wp-content\/uploads\/2023\/07\/Online_EMO-2023_Leadwell-768x228.jpg 768w, https:\/\/maquinser.com\/wp-content\/uploads\/2023\/07\/Online_EMO-2023_Leadwell-600x178.jpg 600w, https:\/\/maquinser.com\/wp-content\/uploads\/2023\/07\/Online_EMO-2023_Leadwell.jpg 1501w\" sizes=\"auto, (max-width: 980px) 100vw, 980px\" \/><\/a><br \/>\n<a href=\"https:\/\/maquinser.com\/snk\/\" target=\"_blank\" rel=\"noopener\">\u00bb SNK<\/a> \u00bb Hall 12, <a href=\"https:\/\/visitors.emo-hannover.de\/exhibitor\/shin-nippon-koki\/067911?editor=visitorView&amp;exhibitor=rh11fha1&amp;tdom-loc=ww95i7aw&amp;scene-node=eputd4o6\" target=\"_blank\" rel=\"noopener\">Stand B68<\/a><br \/>\n<a href=\"https:\/\/maquinser.com\/wp-content\/uploads\/2023\/07\/Online_EMO-2023_SNK-1024x153.jpg\"><img loading=\"lazy\" decoding=\"async\" class=\"alignnone wp-image-11995 size-large\" src=\"https:\/\/maquinser.com\/wp-content\/uploads\/2023\/07\/Online_EMO-2023_SNK-1024x153.jpg\" alt=\"\" width=\"980\" height=\"146\" srcset=\"https:\/\/maquinser.com\/wp-content\/uploads\/2023\/07\/Online_EMO-2023_SNK-1024x153.jpg 1024w, https:\/\/maquinser.com\/wp-content\/uploads\/2023\/07\/Online_EMO-2023_SNK-300x45.jpg 300w, https:\/\/maquinser.com\/wp-content\/uploads\/2023\/07\/Online_EMO-2023_SNK-768x115.jpg 768w, https:\/\/maquinser.com\/wp-content\/uploads\/2023\/07\/Online_EMO-2023_SNK-600x90.jpg 600w, https:\/\/maquinser.com\/wp-content\/uploads\/2023\/07\/Online_EMO-2023_SNK.jpg 1501w\" sizes=\"auto, (max-width: 980px) 100vw, 980px\" \/><\/a><br \/>\n<\/strong><a href=\"https:\/\/maquinser.com\/you-ji\/\" target=\"_blank\" rel=\"noopener\"><strong>\u00bb You Ji<\/strong><\/a><strong> \u00bb Hall 16, <a href=\"https:\/\/visitors.emo-hannover.de\/exhibitor\/you-ji\/067246\" target=\"_blank\" rel=\"noopener\">Stand D23<\/a><br \/>\n<\/strong><a href=\"https:\/\/maquinser.com\/wp-content\/uploads\/2023\/07\/Online_EMO-2023_Youji-1024x304.jpg\"><img loading=\"lazy\" decoding=\"async\" class=\"alignnone wp-image-12008 size-large\" src=\"https:\/\/maquinser.com\/wp-content\/uploads\/2023\/07\/Online_EMO-2023_Youji-1024x304.jpg\" alt=\"\" width=\"980\" height=\"291\" srcset=\"https:\/\/maquinser.com\/wp-content\/uploads\/2023\/07\/Online_EMO-2023_Youji-1024x304.jpg 1024w, https:\/\/maquinser.com\/wp-content\/uploads\/2023\/07\/Online_EMO-2023_Youji-300x89.jpg 300w, https:\/\/maquinser.com\/wp-content\/uploads\/2023\/07\/Online_EMO-2023_Youji-768x228.jpg 768w, https:\/\/maquinser.com\/wp-content\/uploads\/2023\/07\/Online_EMO-2023_Youji-600x178.jpg 600w, https:\/\/maquinser.com\/wp-content\/uploads\/2023\/07\/Online_EMO-2023_Youji.jpg 1501w\" sizes=\"auto, (max-width: 980px) 100vw, 980px\" \/><\/a><br \/>\n<a href=\"https:\/\/maquinser.com\/kafo-cnc\/\" target=\"_blank\" rel=\"noopener\"><strong>\u00bb Kafo<\/strong><\/a><strong> \u00bb Hall 12, <a href=\"https:\/\/visitors.emo-hannover.de\/exhibitor\/kao-fong-machinery\/066332\" target=\"_blank\" rel=\"noopener\">Stand A64<\/a><br \/>\n<a href=\"https:\/\/maquinser.com\/wp-content\/uploads\/2023\/07\/Online_EMO-2023_Kafo-1024x304.jpg\"><img loading=\"lazy\" decoding=\"async\" class=\"alignnone wp-image-11983 size-large\" src=\"https:\/\/maquinser.com\/wp-content\/uploads\/2023\/07\/Online_EMO-2023_Kafo-1024x304.jpg\" alt=\"\" width=\"980\" height=\"291\" srcset=\"https:\/\/maquinser.com\/wp-content\/uploads\/2023\/07\/Online_EMO-2023_Kafo-1024x304.jpg 1024w, https:\/\/maquinser.com\/wp-content\/uploads\/2023\/07\/Online_EMO-2023_Kafo-300x89.jpg 300w, https:\/\/maquinser.com\/wp-content\/uploads\/2023\/07\/Online_EMO-2023_Kafo-768x228.jpg 768w, https:\/\/maquinser.com\/wp-content\/uploads\/2023\/07\/Online_EMO-2023_Kafo-600x178.jpg 600w, https:\/\/maquinser.com\/wp-content\/uploads\/2023\/07\/Online_EMO-2023_Kafo.jpg 1501w\" sizes=\"auto, (max-width: 980px) 100vw, 980px\" \/><\/a><br \/>\n<\/strong><\/p>\n<p>+ Info: <a href=\"https:\/\/www.linkedin.com\/feed\/hashtag\/?keywords=maquinser&amp;highlightedUpdateUrns=urn%3Ali%3Aactivity%3A7087069604451119104\" data-attribute-index=\"5\">#Maquinser<\/a>\u00a0<a href=\"https:\/\/www.linkedin.com\/feed\/hashtag\/?keywords=emo2023&amp;highlightedUpdateUrns=urn%3Ali%3Aactivity%3A7087069604451119104\" data-attribute-index=\"6\">#EMO2023<\/a>\u00a0\u00bb\u00a0<a href=\"https:\/\/emo-hannover.com\/\" target=\"_self\" rel=\"noopener\" data-attribute-index=\"8\">https:\/\/emo-hannover.com\/<\/a><\/p>\n<div class=\"wpex-responsive-media\"><iframe loading=\"lazy\" title=\"EMO Hannover - Innovate Manufacturing\" width=\"980\" height=\"551\" src=\"https:\/\/www.youtube.com\/embed\/1Xa0nxBXCKU?feature=oembed\"  allow=\"accelerometer; autoplay; clipboard-write; encrypted-media; gyroscope; picture-in-picture; web-share\" allowfullscreen><\/iframe><\/div>\n","protected":false},"excerpt":{"rendered":"<p>Regresso da EMO Hannover 2023 Ap\u00f3s quatro anos, o regresso da EMO Hannover 2023, um dos eventos mais aguardados da ind\u00fastria transformadora mundial, \u00e9 agora uma realidade e abrir\u00e1 as suas portas a 18 de setembro no maior recinto de feiras do mundo, a HANNOVER MESSE. Como em todas as edi\u00e7\u00f5es, a nossa equipa de&hellip;<\/p>\n","protected":false},"author":2,"featured_media":11576,"comment_status":"closed","ping_status":"open","sticky":false,"template":"","format":"standard","meta":{"footnotes":""},"categories":[1582,44],"tags":[],"post_series":[],"class_list":["post-12024","post","type-post","status-publish","format-standard","has-post-thumbnail","hentry","category-3d-pt-pt","category-noticias-pt-pt","entry","has-media"],"yoast_head":"<!-- This site is optimized with the Yoast SEO plugin v27.5 - https:\/\/yoast.com\/product\/yoast-seo-wordpress\/ -->\n<title>Regresso da EMO Hannover 2023 - Maquinser - Maquinaria y Servicios para la Industria Metalmec\u00e1nica<\/title>\n<meta name=\"description\" content=\"O regresso da EMO Hannover 2023, um dos eventos mais aguardados da ind\u00fastria, \u00e9 agora uma realidade e abrir\u00e1 as suas portas a 18 de setembro\" \/>\n<meta name=\"robots\" content=\"index, follow, max-snippet:-1, max-image-preview:large, max-video-preview:-1\" \/>\n<link rel=\"canonical\" href=\"https:\/\/maquinser.com\/pt-pt\/regresso-da-emo-hannover-2023\/\" \/>\n<meta property=\"og:locale\" content=\"pt_PT\" \/>\n<meta property=\"og:type\" content=\"article\" \/>\n<meta property=\"og:title\" content=\"Regresso da EMO Hannover 2023 - Maquinser - Maquinaria y Servicios para la Industria Metalmec\u00e1nica\" \/>\n<meta property=\"og:description\" content=\"O regresso da EMO Hannover 2023, um dos eventos mais aguardados da ind\u00fastria, \u00e9 agora uma realidade e abrir\u00e1 as suas portas a 18 de setembro\" \/>\n<meta property=\"og:url\" content=\"https:\/\/maquinser.com\/pt-pt\/regresso-da-emo-hannover-2023\/\" \/>\n<meta property=\"og:site_name\" content=\"Maquinser - Maquinaria y Servicios para la Industria Metalmec\u00e1nica\" \/>\n<meta property=\"article:publisher\" content=\"http:\/\/fb.me\/Maquinser\" \/>\n<meta property=\"article:published_time\" content=\"2023-09-08T06:53:35+00:00\" \/>\n<meta property=\"og:image\" content=\"https:\/\/maquinser.com\/wp-content\/uploads\/2023\/07\/Emo-Hannover-2023.png\" \/>\n\t<meta property=\"og:image:width\" content=\"540\" \/>\n\t<meta property=\"og:image:height\" content=\"405\" \/>\n\t<meta property=\"og:image:type\" content=\"image\/png\" \/>\n<meta name=\"author\" content=\"Joan\" \/>\n<meta name=\"twitter:card\" content=\"summary_large_image\" \/>\n<meta name=\"twitter:creator\" content=\"@Maquinser\" \/>\n<meta name=\"twitter:site\" content=\"@Maquinser\" \/>\n<meta name=\"twitter:label1\" content=\"Escrito por\" \/>\n\t<meta name=\"twitter:data1\" content=\"Joan\" \/>\n\t<meta name=\"twitter:label2\" content=\"Tempo estimado de leitura\" \/>\n\t<meta name=\"twitter:data2\" content=\"3 minutos\" \/>\n<script type=\"application\/ld+json\" class=\"yoast-schema-graph\">{\"@context\":\"https:\\\/\\\/schema.org\",\"@graph\":[{\"@type\":\"Article\",\"@id\":\"https:\\\/\\\/maquinser.com\\\/pt-pt\\\/regresso-da-emo-hannover-2023\\\/#article\",\"isPartOf\":{\"@id\":\"https:\\\/\\\/maquinser.com\\\/pt-pt\\\/regresso-da-emo-hannover-2023\\\/\"},\"author\":{\"name\":\"Joan\",\"@id\":\"https:\\\/\\\/maquinser.com\\\/pt-pt\\\/#\\\/schema\\\/person\\\/ae605362e83ef1d716834c674a782328\"},\"headline\":\"Regresso da EMO Hannover 2023\",\"datePublished\":\"2023-09-08T06:53:35+00:00\",\"mainEntityOfPage\":{\"@id\":\"https:\\\/\\\/maquinser.com\\\/pt-pt\\\/regresso-da-emo-hannover-2023\\\/\"},\"wordCount\":195,\"publisher\":{\"@id\":\"https:\\\/\\\/maquinser.com\\\/pt-pt\\\/#organization\"},\"image\":{\"@id\":\"https:\\\/\\\/maquinser.com\\\/pt-pt\\\/regresso-da-emo-hannover-2023\\\/#primaryimage\"},\"thumbnailUrl\":\"https:\\\/\\\/maquinser.com\\\/wp-content\\\/uploads\\\/2023\\\/07\\\/Emo-Hannover-2023.png\",\"articleSection\":[\"3D\",\"Not\u00edcias @pt-pt\"],\"inLanguage\":\"pt-PT\"},{\"@type\":\"WebPage\",\"@id\":\"https:\\\/\\\/maquinser.com\\\/pt-pt\\\/regresso-da-emo-hannover-2023\\\/\",\"url\":\"https:\\\/\\\/maquinser.com\\\/pt-pt\\\/regresso-da-emo-hannover-2023\\\/\",\"name\":\"Regresso da EMO Hannover 2023 - Maquinser - Maquinaria y Servicios para la Industria Metalmec\u00e1nica\",\"isPartOf\":{\"@id\":\"https:\\\/\\\/maquinser.com\\\/pt-pt\\\/#website\"},\"primaryImageOfPage\":{\"@id\":\"https:\\\/\\\/maquinser.com\\\/pt-pt\\\/regresso-da-emo-hannover-2023\\\/#primaryimage\"},\"image\":{\"@id\":\"https:\\\/\\\/maquinser.com\\\/pt-pt\\\/regresso-da-emo-hannover-2023\\\/#primaryimage\"},\"thumbnailUrl\":\"https:\\\/\\\/maquinser.com\\\/wp-content\\\/uploads\\\/2023\\\/07\\\/Emo-Hannover-2023.png\",\"datePublished\":\"2023-09-08T06:53:35+00:00\",\"description\":\"O regresso da EMO Hannover 2023, um dos eventos mais aguardados da ind\u00fastria, \u00e9 agora uma realidade e abrir\u00e1 as suas portas a 18 de setembro\",\"breadcrumb\":{\"@id\":\"https:\\\/\\\/maquinser.com\\\/pt-pt\\\/regresso-da-emo-hannover-2023\\\/#breadcrumb\"},\"inLanguage\":\"pt-PT\",\"potentialAction\":[{\"@type\":\"ReadAction\",\"target\":[\"https:\\\/\\\/maquinser.com\\\/pt-pt\\\/regresso-da-emo-hannover-2023\\\/\"]}]},{\"@type\":\"ImageObject\",\"inLanguage\":\"pt-PT\",\"@id\":\"https:\\\/\\\/maquinser.com\\\/pt-pt\\\/regresso-da-emo-hannover-2023\\\/#primaryimage\",\"url\":\"https:\\\/\\\/maquinser.com\\\/wp-content\\\/uploads\\\/2023\\\/07\\\/Emo-Hannover-2023.png\",\"contentUrl\":\"https:\\\/\\\/maquinser.com\\\/wp-content\\\/uploads\\\/2023\\\/07\\\/Emo-Hannover-2023.png\",\"width\":540,\"height\":405,\"caption\":\"EMO HANNOVER 2023\"},{\"@type\":\"BreadcrumbList\",\"@id\":\"https:\\\/\\\/maquinser.com\\\/pt-pt\\\/regresso-da-emo-hannover-2023\\\/#breadcrumb\",\"itemListElement\":[{\"@type\":\"ListItem\",\"position\":1,\"name\":\"Portada\",\"item\":\"https:\\\/\\\/maquinser.com\\\/pt-pt\\\/\"},{\"@type\":\"ListItem\",\"position\":2,\"name\":\"Regresso da EMO Hannover&hellip;\"}]},{\"@type\":\"WebSite\",\"@id\":\"https:\\\/\\\/maquinser.com\\\/pt-pt\\\/#website\",\"url\":\"https:\\\/\\\/maquinser.com\\\/pt-pt\\\/\",\"name\":\"Maquinser - Maquinaria y Servicios para la Industria Metalmec\u00e1nica\",\"description\":\"\",\"publisher\":{\"@id\":\"https:\\\/\\\/maquinser.com\\\/pt-pt\\\/#organization\"},\"potentialAction\":[{\"@type\":\"SearchAction\",\"target\":{\"@type\":\"EntryPoint\",\"urlTemplate\":\"https:\\\/\\\/maquinser.com\\\/pt-pt\\\/?s={search_term_string}\"},\"query-input\":{\"@type\":\"PropertyValueSpecification\",\"valueRequired\":true,\"valueName\":\"search_term_string\"}}],\"inLanguage\":\"pt-PT\"},{\"@type\":\"Organization\",\"@id\":\"https:\\\/\\\/maquinser.com\\\/pt-pt\\\/#organization\",\"name\":\"Maquinser\",\"url\":\"https:\\\/\\\/maquinser.com\\\/pt-pt\\\/\",\"logo\":{\"@type\":\"ImageObject\",\"inLanguage\":\"pt-PT\",\"@id\":\"https:\\\/\\\/maquinser.com\\\/pt-pt\\\/#\\\/schema\\\/logo\\\/image\\\/\",\"url\":\"http:\\\/\\\/maquinser.com\\\/wp-content\\\/uploads\\\/2016\\\/10\\\/MAQUINSER_Logo_oficial.jpg\",\"contentUrl\":\"http:\\\/\\\/maquinser.com\\\/wp-content\\\/uploads\\\/2016\\\/10\\\/MAQUINSER_Logo_oficial.jpg\",\"width\":1411,\"height\":326,\"caption\":\"Maquinser\"},\"image\":{\"@id\":\"https:\\\/\\\/maquinser.com\\\/pt-pt\\\/#\\\/schema\\\/logo\\\/image\\\/\"},\"sameAs\":[\"http:\\\/\\\/fb.me\\\/Maquinser\",\"https:\\\/\\\/x.com\\\/Maquinser\",\"http:\\\/\\\/maquinser20s.a.\"]},{\"@type\":\"Person\",\"@id\":\"https:\\\/\\\/maquinser.com\\\/pt-pt\\\/#\\\/schema\\\/person\\\/ae605362e83ef1d716834c674a782328\",\"name\":\"Joan\",\"image\":{\"@type\":\"ImageObject\",\"inLanguage\":\"pt-PT\",\"@id\":\"https:\\\/\\\/secure.gravatar.com\\\/avatar\\\/0f6b39506da59a35208ad4b294a2a8531e650488ab28a2b5d4f9367d26bebcaf?s=96&d=mm&r=g\",\"url\":\"https:\\\/\\\/secure.gravatar.com\\\/avatar\\\/0f6b39506da59a35208ad4b294a2a8531e650488ab28a2b5d4f9367d26bebcaf?s=96&d=mm&r=g\",\"contentUrl\":\"https:\\\/\\\/secure.gravatar.com\\\/avatar\\\/0f6b39506da59a35208ad4b294a2a8531e650488ab28a2b5d4f9367d26bebcaf?s=96&d=mm&r=g\",\"caption\":\"Joan\"},\"url\":\"https:\\\/\\\/maquinser.com\\\/pt-pt\\\/author\\\/marketing\\\/\"}]}<\/script>\n<!-- \/ Yoast SEO plugin. -->","yoast_head_json":{"title":"Regresso da EMO Hannover 2023 - Maquinser - Maquinaria y Servicios para la Industria Metalmec\u00e1nica","description":"O regresso da EMO Hannover 2023, um dos eventos mais aguardados da ind\u00fastria, \u00e9 agora uma realidade e abrir\u00e1 as suas portas a 18 de setembro","robots":{"index":"index","follow":"follow","max-snippet":"max-snippet:-1","max-image-preview":"max-image-preview:large","max-video-preview":"max-video-preview:-1"},"canonical":"https:\/\/maquinser.com\/pt-pt\/regresso-da-emo-hannover-2023\/","og_locale":"pt_PT","og_type":"article","og_title":"Regresso da EMO Hannover 2023 - Maquinser - Maquinaria y Servicios para la Industria Metalmec\u00e1nica","og_description":"O regresso da EMO Hannover 2023, um dos eventos mais aguardados da ind\u00fastria, \u00e9 agora uma realidade e abrir\u00e1 as suas portas a 18 de setembro","og_url":"https:\/\/maquinser.com\/pt-pt\/regresso-da-emo-hannover-2023\/","og_site_name":"Maquinser - Maquinaria y Servicios para la Industria Metalmec\u00e1nica","article_publisher":"http:\/\/fb.me\/Maquinser","article_published_time":"2023-09-08T06:53:35+00:00","og_image":[{"width":540,"height":405,"url":"https:\/\/maquinser.com\/wp-content\/uploads\/2023\/07\/Emo-Hannover-2023.png","type":"image\/png"}],"author":"Joan","twitter_card":"summary_large_image","twitter_creator":"@Maquinser","twitter_site":"@Maquinser","twitter_misc":{"Escrito por":"Joan","Tempo estimado de leitura":"3 minutos"},"schema":{"@context":"https:\/\/schema.org","@graph":[{"@type":"Article","@id":"https:\/\/maquinser.com\/pt-pt\/regresso-da-emo-hannover-2023\/#article","isPartOf":{"@id":"https:\/\/maquinser.com\/pt-pt\/regresso-da-emo-hannover-2023\/"},"author":{"name":"Joan","@id":"https:\/\/maquinser.com\/pt-pt\/#\/schema\/person\/ae605362e83ef1d716834c674a782328"},"headline":"Regresso da EMO Hannover 2023","datePublished":"2023-09-08T06:53:35+00:00","mainEntityOfPage":{"@id":"https:\/\/maquinser.com\/pt-pt\/regresso-da-emo-hannover-2023\/"},"wordCount":195,"publisher":{"@id":"https:\/\/maquinser.com\/pt-pt\/#organization"},"image":{"@id":"https:\/\/maquinser.com\/pt-pt\/regresso-da-emo-hannover-2023\/#primaryimage"},"thumbnailUrl":"https:\/\/maquinser.com\/wp-content\/uploads\/2023\/07\/Emo-Hannover-2023.png","articleSection":["3D","Not\u00edcias @pt-pt"],"inLanguage":"pt-PT"},{"@type":"WebPage","@id":"https:\/\/maquinser.com\/pt-pt\/regresso-da-emo-hannover-2023\/","url":"https:\/\/maquinser.com\/pt-pt\/regresso-da-emo-hannover-2023\/","name":"Regresso da EMO Hannover 2023 - Maquinser - Maquinaria y Servicios para la Industria Metalmec\u00e1nica","isPartOf":{"@id":"https:\/\/maquinser.com\/pt-pt\/#website"},"primaryImageOfPage":{"@id":"https:\/\/maquinser.com\/pt-pt\/regresso-da-emo-hannover-2023\/#primaryimage"},"image":{"@id":"https:\/\/maquinser.com\/pt-pt\/regresso-da-emo-hannover-2023\/#primaryimage"},"thumbnailUrl":"https:\/\/maquinser.com\/wp-content\/uploads\/2023\/07\/Emo-Hannover-2023.png","datePublished":"2023-09-08T06:53:35+00:00","description":"O regresso da EMO Hannover 2023, um dos eventos mais aguardados da ind\u00fastria, \u00e9 agora uma realidade e abrir\u00e1 as suas portas a 18 de setembro","breadcrumb":{"@id":"https:\/\/maquinser.com\/pt-pt\/regresso-da-emo-hannover-2023\/#breadcrumb"},"inLanguage":"pt-PT","potentialAction":[{"@type":"ReadAction","target":["https:\/\/maquinser.com\/pt-pt\/regresso-da-emo-hannover-2023\/"]}]},{"@type":"ImageObject","inLanguage":"pt-PT","@id":"https:\/\/maquinser.com\/pt-pt\/regresso-da-emo-hannover-2023\/#primaryimage","url":"https:\/\/maquinser.com\/wp-content\/uploads\/2023\/07\/Emo-Hannover-2023.png","contentUrl":"https:\/\/maquinser.com\/wp-content\/uploads\/2023\/07\/Emo-Hannover-2023.png","width":540,"height":405,"caption":"EMO HANNOVER 2023"},{"@type":"BreadcrumbList","@id":"https:\/\/maquinser.com\/pt-pt\/regresso-da-emo-hannover-2023\/#breadcrumb","itemListElement":[{"@type":"ListItem","position":1,"name":"Portada","item":"https:\/\/maquinser.com\/pt-pt\/"},{"@type":"ListItem","position":2,"name":"Regresso da EMO Hannover&hellip;"}]},{"@type":"WebSite","@id":"https:\/\/maquinser.com\/pt-pt\/#website","url":"https:\/\/maquinser.com\/pt-pt\/","name":"Maquinser - Maquinaria y Servicios para la Industria Metalmec\u00e1nica","description":"","publisher":{"@id":"https:\/\/maquinser.com\/pt-pt\/#organization"},"potentialAction":[{"@type":"SearchAction","target":{"@type":"EntryPoint","urlTemplate":"https:\/\/maquinser.com\/pt-pt\/?s={search_term_string}"},"query-input":{"@type":"PropertyValueSpecification","valueRequired":true,"valueName":"search_term_string"}}],"inLanguage":"pt-PT"},{"@type":"Organization","@id":"https:\/\/maquinser.com\/pt-pt\/#organization","name":"Maquinser","url":"https:\/\/maquinser.com\/pt-pt\/","logo":{"@type":"ImageObject","inLanguage":"pt-PT","@id":"https:\/\/maquinser.com\/pt-pt\/#\/schema\/logo\/image\/","url":"http:\/\/maquinser.com\/wp-content\/uploads\/2016\/10\/MAQUINSER_Logo_oficial.jpg","contentUrl":"http:\/\/maquinser.com\/wp-content\/uploads\/2016\/10\/MAQUINSER_Logo_oficial.jpg","width":1411,"height":326,"caption":"Maquinser"},"image":{"@id":"https:\/\/maquinser.com\/pt-pt\/#\/schema\/logo\/image\/"},"sameAs":["http:\/\/fb.me\/Maquinser","https:\/\/x.com\/Maquinser","http:\/\/maquinser20s.a."]},{"@type":"Person","@id":"https:\/\/maquinser.com\/pt-pt\/#\/schema\/person\/ae605362e83ef1d716834c674a782328","name":"Joan","image":{"@type":"ImageObject","inLanguage":"pt-PT","@id":"https:\/\/secure.gravatar.com\/avatar\/0f6b39506da59a35208ad4b294a2a8531e650488ab28a2b5d4f9367d26bebcaf?s=96&d=mm&r=g","url":"https:\/\/secure.gravatar.com\/avatar\/0f6b39506da59a35208ad4b294a2a8531e650488ab28a2b5d4f9367d26bebcaf?s=96&d=mm&r=g","contentUrl":"https:\/\/secure.gravatar.com\/avatar\/0f6b39506da59a35208ad4b294a2a8531e650488ab28a2b5d4f9367d26bebcaf?s=96&d=mm&r=g","caption":"Joan"},"url":"https:\/\/maquinser.com\/pt-pt\/author\/marketing\/"}]}},"_links":{"self":[{"href":"https:\/\/maquinser.com\/pt-pt\/wp-json\/wp\/v2\/posts\/12024","targetHints":{"allow":["GET"]}}],"collection":[{"href":"https:\/\/maquinser.com\/pt-pt\/wp-json\/wp\/v2\/posts"}],"about":[{"href":"https:\/\/maquinser.com\/pt-pt\/wp-json\/wp\/v2\/types\/post"}],"author":[{"embeddable":true,"href":"https:\/\/maquinser.com\/pt-pt\/wp-json\/wp\/v2\/users\/2"}],"replies":[{"embeddable":true,"href":"https:\/\/maquinser.com\/pt-pt\/wp-json\/wp\/v2\/comments?post=12024"}],"version-history":[{"count":1,"href":"https:\/\/maquinser.com\/pt-pt\/wp-json\/wp\/v2\/posts\/12024\/revisions"}],"predecessor-version":[{"id":12025,"href":"https:\/\/maquinser.com\/pt-pt\/wp-json\/wp\/v2\/posts\/12024\/revisions\/12025"}],"wp:featuredmedia":[{"embeddable":true,"href":"https:\/\/maquinser.com\/pt-pt\/wp-json\/wp\/v2\/media\/11576"}],"wp:attachment":[{"href":"https:\/\/maquinser.com\/pt-pt\/wp-json\/wp\/v2\/media?parent=12024"}],"wp:term":[{"taxonomy":"category","embeddable":true,"href":"https:\/\/maquinser.com\/pt-pt\/wp-json\/wp\/v2\/categories?post=12024"},{"taxonomy":"post_tag","embeddable":true,"href":"https:\/\/maquinser.com\/pt-pt\/wp-json\/wp\/v2\/tags?post=12024"},{"taxonomy":"post_series","embeddable":true,"href":"https:\/\/maquinser.com\/pt-pt\/wp-json\/wp\/v2\/post_series?post=12024"}],"curies":[{"name":"wp","href":"https:\/\/api.w.org\/{rel}","templated":true}]}}