{"id":11187,"date":"2022-09-12T11:52:53","date_gmt":"2022-09-12T09:52:53","guid":{"rendered":"http:\/\/maquinser.com\/amb-stuttgart-2022\/"},"modified":"2022-09-12T13:04:19","modified_gmt":"2022-09-12T11:04:19","slug":"amb-stuttgart-2022","status":"publish","type":"post","link":"https:\/\/maquinser.com\/pt-pt\/amb-stuttgart-2022\/","title":{"rendered":"AMB Stuttgart 2022"},"content":{"rendered":"<section class=\"elementor-element elementor-element-e3639c3 elementor-section-boxed elementor-section-height-default elementor-section-height-default elementor-section elementor-top-section\" data-id=\"e3639c3\" data-element_type=\"section\">\n<div class=\"elementor-container elementor-column-gap-default\">\n<div class=\"elementor-row\">\n<div class=\"elementor-element elementor-element-291adb4 elementor-column elementor-col-100 elementor-top-column\" data-id=\"291adb4\" data-element_type=\"column\">\n<div class=\"elementor-column-wrap elementor-element-populated\">\n<div class=\"elementor-widget-wrap\">\n<div class=\"elementor-element elementor-element-0aba889 elementor-widget elementor-widget-heading\" data-id=\"0aba889\" data-element_type=\"widget\" data-widget_type=\"heading.default\">\n<div class=\"elementor-widget-container\">\n<h3 class=\"elementor-heading-title elementor-size-default\">AMB Stuttgart 2022 &#8211; Um evento essencial no cora\u00e7\u00e3o da Europa<\/h3>\n<\/div>\n<\/div>\n<div class=\"elementor-element elementor-element-121724c elementor-widget elementor-widget-text-editor\" data-id=\"121724c\" data-element_type=\"widget\" data-widget_type=\"text-editor.default\">\n<div class=\"elementor-widget-container\">\n<div class=\"elementor-text-editor elementor-clearfix\">\n<p>A cada dois anos, desde 1982, a <a href=\"https:\/\/www.messe-stuttgart.de\/amb\/en\/\">AMB<\/a> apresenta os destaques da ind\u00fastria metalmec\u00e2nica internacional. Concentra-se em produtos, tecnologias, inova\u00e7\u00f5es, servi\u00e7os e conceitos para pessoas apaixonadas por metalurgia. Isso o torna um mercado, treinamento e plataforma de rede, tudo em um. Seja voc\u00ea um visitante ou um expositor, ao longo dos anos a AMB se tornou um dos eventos mais importantes do setor. E esta edi\u00e7\u00e3o da AMB Stuttgart 2022 com certeza n\u00e3o ser\u00e1 diferente.<\/p>\n<\/div>\n<\/div>\n<\/div>\n<div class=\"elementor-element elementor-element-7b40347 elementor-widget elementor-widget-heading\" data-id=\"7b40347\" data-element_type=\"widget\" data-widget_type=\"heading.default\">\n<div class=\"elementor-widget-container\">\n<h3 class=\"elementor-heading-title elementor-size-default\">Visite nossos representados!<\/h3>\n<\/div>\n<\/div>\n<div class=\"elementor-element elementor-element-6a7ea50 elementor-widget elementor-widget-text-editor\" data-id=\"6a7ea50\" data-element_type=\"widget\" data-widget_type=\"text-editor.default\">\n<div class=\"elementor-widget-container\">\n<div class=\"elementor-text-editor elementor-clearfix\">\n<p>Nossos representados estar\u00e3o presentes no evento, mostrando os \u00faltimos desenvolvimentos e tecnologias do momento.<\/p>\n<p>encontr\u00e1-los em<\/p>\n<\/div>\n<p><span class=\"break-words\"><span dir=\"ltr\">H10 &#8211; B10A11 <a href=\"http:\/\/maquinser.com\/pt-pt\/matsuura\/\" target=\"_blank\" rel=\"noopener\" data-attribute-index=\"0\" data-entity-hovercard-id=\"urn:li:fs_miniCompany:1135465\" data-entity-type=\"MINI_COMPANY\">Matsuura Machinery Corporation<\/a><br \/>\nH10\u00a0&#8211;\u00a0B10C75 <a href=\"http:\/\/maquinser.com\/pt-pt\/muratec\/\" target=\"_blank\" rel=\"noopener\">Murata Machinery <\/a><br \/>\nH10 &#8211;\u00a0B10A55 <a href=\"http:\/\/maquinser.com\/pt-pt\/biglia\/\" target=\"_blank\" rel=\"noopener\">Biglia <\/a><br \/>\nH10 &#8211;\u00a0B10B73 <a href=\"http:\/\/maquinser.com\/pt-pt\/datron\/\" target=\"_blank\" rel=\"noopener\" data-attribute-index=\"6\" data-entity-hovercard-id=\"urn:li:fs_miniCompany:1884612\" data-entity-type=\"MINI_COMPANY\">DATRON AG<\/a><\/span><\/span><\/p>\n<\/div>\n<\/div>\n<\/div>\n<\/div>\n<\/div>\n<\/div>\n<\/div>\n<\/section>\n","protected":false},"excerpt":{"rendered":"<p>AMB Stuttgart 2022 &#8211; Um evento essencial no cora\u00e7\u00e3o da Europa A cada dois anos, desde 1982, a AMB apresenta os destaques da ind\u00fastria metalmec\u00e2nica internacional. Concentra-se em produtos, tecnologias, inova\u00e7\u00f5es, servi\u00e7os e conceitos para pessoas apaixonadas por metalurgia. Isso o torna um mercado, treinamento e plataforma de rede, tudo em um. Seja voc\u00ea um&hellip;<\/p>\n","protected":false},"author":2,"featured_media":11178,"comment_status":"closed","ping_status":"open","sticky":false,"template":"","format":"standard","meta":{"footnotes":""},"categories":[44],"tags":[],"post_series":[],"class_list":["post-11187","post","type-post","status-publish","format-standard","has-post-thumbnail","hentry","category-noticias-pt-pt","entry","has-media"],"yoast_head":"<!-- This site is optimized with the Yoast SEO plugin v27.5 - https:\/\/yoast.com\/product\/yoast-seo-wordpress\/ -->\n<title>AMB Stuttgart 2022 Um evento essencial no cora\u00e7\u00e3o da Europa<\/title>\n<meta name=\"description\" content=\"AMB Stuttgart 2022. A cada dois anos, desde 1982, a AMB apresenta os destaques da ind\u00fastria metalmec\u00e2nica internacional.\" \/>\n<meta name=\"robots\" content=\"index, follow, max-snippet:-1, max-image-preview:large, max-video-preview:-1\" \/>\n<link rel=\"canonical\" href=\"https:\/\/maquinser.com\/pt-pt\/amb-stuttgart-2022\/\" \/>\n<meta property=\"og:locale\" content=\"pt_PT\" \/>\n<meta property=\"og:type\" content=\"article\" \/>\n<meta property=\"og:title\" content=\"AMB Stuttgart 2022 Um evento essencial no cora\u00e7\u00e3o da Europa\" \/>\n<meta property=\"og:description\" content=\"AMB Stuttgart 2022. A cada dois anos, desde 1982, a AMB apresenta os destaques da ind\u00fastria metalmec\u00e2nica internacional.\" \/>\n<meta property=\"og:url\" content=\"https:\/\/maquinser.com\/pt-pt\/amb-stuttgart-2022\/\" \/>\n<meta property=\"og:site_name\" content=\"Maquinser - Maquinaria y Servicios para la Industria Metalmec\u00e1nica\" \/>\n<meta property=\"article:publisher\" content=\"http:\/\/fb.me\/Maquinser\" \/>\n<meta property=\"article:published_time\" content=\"2022-09-12T09:52:53+00:00\" \/>\n<meta property=\"article:modified_time\" content=\"2022-09-12T11:04:19+00:00\" \/>\n<meta property=\"og:image\" content=\"https:\/\/maquinser.com\/wp-content\/uploads\/2022\/09\/AMB-Stuttgart_2022-03-1-scaled.jpg\" \/>\n\t<meta property=\"og:image:width\" content=\"2560\" \/>\n\t<meta property=\"og:image:height\" content=\"1275\" \/>\n\t<meta property=\"og:image:type\" content=\"image\/jpeg\" \/>\n<meta name=\"author\" content=\"Joan\" \/>\n<meta name=\"twitter:card\" content=\"summary_large_image\" \/>\n<meta name=\"twitter:creator\" content=\"@Maquinser\" \/>\n<meta name=\"twitter:site\" content=\"@Maquinser\" \/>\n<meta name=\"twitter:label1\" content=\"Escrito por\" \/>\n\t<meta name=\"twitter:data1\" content=\"Joan\" \/>\n\t<meta name=\"twitter:label2\" content=\"Tempo estimado de leitura\" \/>\n\t<meta name=\"twitter:data2\" content=\"1 minuto\" \/>\n<script type=\"application\/ld+json\" class=\"yoast-schema-graph\">{\"@context\":\"https:\\\/\\\/schema.org\",\"@graph\":[{\"@type\":\"Article\",\"@id\":\"https:\\\/\\\/maquinser.com\\\/pt-pt\\\/amb-stuttgart-2022\\\/#article\",\"isPartOf\":{\"@id\":\"https:\\\/\\\/maquinser.com\\\/pt-pt\\\/amb-stuttgart-2022\\\/\"},\"author\":{\"name\":\"Joan\",\"@id\":\"https:\\\/\\\/maquinser.com\\\/pt-pt\\\/#\\\/schema\\\/person\\\/ae605362e83ef1d716834c674a782328\"},\"headline\":\"AMB Stuttgart 2022\",\"datePublished\":\"2022-09-12T09:52:53+00:00\",\"dateModified\":\"2022-09-12T11:04:19+00:00\",\"mainEntityOfPage\":{\"@id\":\"https:\\\/\\\/maquinser.com\\\/pt-pt\\\/amb-stuttgart-2022\\\/\"},\"wordCount\":137,\"publisher\":{\"@id\":\"https:\\\/\\\/maquinser.com\\\/pt-pt\\\/#organization\"},\"image\":{\"@id\":\"https:\\\/\\\/maquinser.com\\\/pt-pt\\\/amb-stuttgart-2022\\\/#primaryimage\"},\"thumbnailUrl\":\"https:\\\/\\\/maquinser.com\\\/wp-content\\\/uploads\\\/2022\\\/09\\\/AMB-Stuttgart_2022-03-1-scaled.jpg\",\"articleSection\":[\"Not\u00edcias @pt-pt\"],\"inLanguage\":\"pt-PT\"},{\"@type\":\"WebPage\",\"@id\":\"https:\\\/\\\/maquinser.com\\\/pt-pt\\\/amb-stuttgart-2022\\\/\",\"url\":\"https:\\\/\\\/maquinser.com\\\/pt-pt\\\/amb-stuttgart-2022\\\/\",\"name\":\"AMB Stuttgart 2022 Um evento essencial no cora\u00e7\u00e3o da Europa\",\"isPartOf\":{\"@id\":\"https:\\\/\\\/maquinser.com\\\/pt-pt\\\/#website\"},\"primaryImageOfPage\":{\"@id\":\"https:\\\/\\\/maquinser.com\\\/pt-pt\\\/amb-stuttgart-2022\\\/#primaryimage\"},\"image\":{\"@id\":\"https:\\\/\\\/maquinser.com\\\/pt-pt\\\/amb-stuttgart-2022\\\/#primaryimage\"},\"thumbnailUrl\":\"https:\\\/\\\/maquinser.com\\\/wp-content\\\/uploads\\\/2022\\\/09\\\/AMB-Stuttgart_2022-03-1-scaled.jpg\",\"datePublished\":\"2022-09-12T09:52:53+00:00\",\"dateModified\":\"2022-09-12T11:04:19+00:00\",\"description\":\"AMB Stuttgart 2022. A cada dois anos, desde 1982, a AMB apresenta os destaques da ind\u00fastria metalmec\u00e2nica internacional.\",\"breadcrumb\":{\"@id\":\"https:\\\/\\\/maquinser.com\\\/pt-pt\\\/amb-stuttgart-2022\\\/#breadcrumb\"},\"inLanguage\":\"pt-PT\",\"potentialAction\":[{\"@type\":\"ReadAction\",\"target\":[\"https:\\\/\\\/maquinser.com\\\/pt-pt\\\/amb-stuttgart-2022\\\/\"]}]},{\"@type\":\"ImageObject\",\"inLanguage\":\"pt-PT\",\"@id\":\"https:\\\/\\\/maquinser.com\\\/pt-pt\\\/amb-stuttgart-2022\\\/#primaryimage\",\"url\":\"https:\\\/\\\/maquinser.com\\\/wp-content\\\/uploads\\\/2022\\\/09\\\/AMB-Stuttgart_2022-03-1-scaled.jpg\",\"contentUrl\":\"https:\\\/\\\/maquinser.com\\\/wp-content\\\/uploads\\\/2022\\\/09\\\/AMB-Stuttgart_2022-03-1-scaled.jpg\",\"width\":2560,\"height\":1275},{\"@type\":\"BreadcrumbList\",\"@id\":\"https:\\\/\\\/maquinser.com\\\/pt-pt\\\/amb-stuttgart-2022\\\/#breadcrumb\",\"itemListElement\":[{\"@type\":\"ListItem\",\"position\":1,\"name\":\"Portada\",\"item\":\"https:\\\/\\\/maquinser.com\\\/pt-pt\\\/\"},{\"@type\":\"ListItem\",\"position\":2,\"name\":\"AMB Stuttgart 2022\"}]},{\"@type\":\"WebSite\",\"@id\":\"https:\\\/\\\/maquinser.com\\\/pt-pt\\\/#website\",\"url\":\"https:\\\/\\\/maquinser.com\\\/pt-pt\\\/\",\"name\":\"Maquinser - Maquinaria y Servicios para la Industria Metalmec\u00e1nica\",\"description\":\"\",\"publisher\":{\"@id\":\"https:\\\/\\\/maquinser.com\\\/pt-pt\\\/#organization\"},\"potentialAction\":[{\"@type\":\"SearchAction\",\"target\":{\"@type\":\"EntryPoint\",\"urlTemplate\":\"https:\\\/\\\/maquinser.com\\\/pt-pt\\\/?s={search_term_string}\"},\"query-input\":{\"@type\":\"PropertyValueSpecification\",\"valueRequired\":true,\"valueName\":\"search_term_string\"}}],\"inLanguage\":\"pt-PT\"},{\"@type\":\"Organization\",\"@id\":\"https:\\\/\\\/maquinser.com\\\/pt-pt\\\/#organization\",\"name\":\"Maquinser\",\"url\":\"https:\\\/\\\/maquinser.com\\\/pt-pt\\\/\",\"logo\":{\"@type\":\"ImageObject\",\"inLanguage\":\"pt-PT\",\"@id\":\"https:\\\/\\\/maquinser.com\\\/pt-pt\\\/#\\\/schema\\\/logo\\\/image\\\/\",\"url\":\"http:\\\/\\\/maquinser.com\\\/wp-content\\\/uploads\\\/2016\\\/10\\\/MAQUINSER_Logo_oficial.jpg\",\"contentUrl\":\"http:\\\/\\\/maquinser.com\\\/wp-content\\\/uploads\\\/2016\\\/10\\\/MAQUINSER_Logo_oficial.jpg\",\"width\":1411,\"height\":326,\"caption\":\"Maquinser\"},\"image\":{\"@id\":\"https:\\\/\\\/maquinser.com\\\/pt-pt\\\/#\\\/schema\\\/logo\\\/image\\\/\"},\"sameAs\":[\"http:\\\/\\\/fb.me\\\/Maquinser\",\"https:\\\/\\\/x.com\\\/Maquinser\",\"http:\\\/\\\/maquinser20s.a.\"]},{\"@type\":\"Person\",\"@id\":\"https:\\\/\\\/maquinser.com\\\/pt-pt\\\/#\\\/schema\\\/person\\\/ae605362e83ef1d716834c674a782328\",\"name\":\"Joan\",\"image\":{\"@type\":\"ImageObject\",\"inLanguage\":\"pt-PT\",\"@id\":\"https:\\\/\\\/secure.gravatar.com\\\/avatar\\\/0f6b39506da59a35208ad4b294a2a8531e650488ab28a2b5d4f9367d26bebcaf?s=96&d=mm&r=g\",\"url\":\"https:\\\/\\\/secure.gravatar.com\\\/avatar\\\/0f6b39506da59a35208ad4b294a2a8531e650488ab28a2b5d4f9367d26bebcaf?s=96&d=mm&r=g\",\"contentUrl\":\"https:\\\/\\\/secure.gravatar.com\\\/avatar\\\/0f6b39506da59a35208ad4b294a2a8531e650488ab28a2b5d4f9367d26bebcaf?s=96&d=mm&r=g\",\"caption\":\"Joan\"},\"url\":\"https:\\\/\\\/maquinser.com\\\/pt-pt\\\/author\\\/marketing\\\/\"}]}<\/script>\n<!-- \/ Yoast SEO plugin. -->","yoast_head_json":{"title":"AMB Stuttgart 2022 Um evento essencial no cora\u00e7\u00e3o da Europa","description":"AMB Stuttgart 2022. A cada dois anos, desde 1982, a AMB apresenta os destaques da ind\u00fastria metalmec\u00e2nica internacional.","robots":{"index":"index","follow":"follow","max-snippet":"max-snippet:-1","max-image-preview":"max-image-preview:large","max-video-preview":"max-video-preview:-1"},"canonical":"https:\/\/maquinser.com\/pt-pt\/amb-stuttgart-2022\/","og_locale":"pt_PT","og_type":"article","og_title":"AMB Stuttgart 2022 Um evento essencial no cora\u00e7\u00e3o da Europa","og_description":"AMB Stuttgart 2022. A cada dois anos, desde 1982, a AMB apresenta os destaques da ind\u00fastria metalmec\u00e2nica internacional.","og_url":"https:\/\/maquinser.com\/pt-pt\/amb-stuttgart-2022\/","og_site_name":"Maquinser - Maquinaria y Servicios para la Industria Metalmec\u00e1nica","article_publisher":"http:\/\/fb.me\/Maquinser","article_published_time":"2022-09-12T09:52:53+00:00","article_modified_time":"2022-09-12T11:04:19+00:00","og_image":[{"width":2560,"height":1275,"url":"https:\/\/maquinser.com\/wp-content\/uploads\/2022\/09\/AMB-Stuttgart_2022-03-1-scaled.jpg","type":"image\/jpeg"}],"author":"Joan","twitter_card":"summary_large_image","twitter_creator":"@Maquinser","twitter_site":"@Maquinser","twitter_misc":{"Escrito por":"Joan","Tempo estimado de leitura":"1 minuto"},"schema":{"@context":"https:\/\/schema.org","@graph":[{"@type":"Article","@id":"https:\/\/maquinser.com\/pt-pt\/amb-stuttgart-2022\/#article","isPartOf":{"@id":"https:\/\/maquinser.com\/pt-pt\/amb-stuttgart-2022\/"},"author":{"name":"Joan","@id":"https:\/\/maquinser.com\/pt-pt\/#\/schema\/person\/ae605362e83ef1d716834c674a782328"},"headline":"AMB Stuttgart 2022","datePublished":"2022-09-12T09:52:53+00:00","dateModified":"2022-09-12T11:04:19+00:00","mainEntityOfPage":{"@id":"https:\/\/maquinser.com\/pt-pt\/amb-stuttgart-2022\/"},"wordCount":137,"publisher":{"@id":"https:\/\/maquinser.com\/pt-pt\/#organization"},"image":{"@id":"https:\/\/maquinser.com\/pt-pt\/amb-stuttgart-2022\/#primaryimage"},"thumbnailUrl":"https:\/\/maquinser.com\/wp-content\/uploads\/2022\/09\/AMB-Stuttgart_2022-03-1-scaled.jpg","articleSection":["Not\u00edcias @pt-pt"],"inLanguage":"pt-PT"},{"@type":"WebPage","@id":"https:\/\/maquinser.com\/pt-pt\/amb-stuttgart-2022\/","url":"https:\/\/maquinser.com\/pt-pt\/amb-stuttgart-2022\/","name":"AMB Stuttgart 2022 Um evento essencial no cora\u00e7\u00e3o da Europa","isPartOf":{"@id":"https:\/\/maquinser.com\/pt-pt\/#website"},"primaryImageOfPage":{"@id":"https:\/\/maquinser.com\/pt-pt\/amb-stuttgart-2022\/#primaryimage"},"image":{"@id":"https:\/\/maquinser.com\/pt-pt\/amb-stuttgart-2022\/#primaryimage"},"thumbnailUrl":"https:\/\/maquinser.com\/wp-content\/uploads\/2022\/09\/AMB-Stuttgart_2022-03-1-scaled.jpg","datePublished":"2022-09-12T09:52:53+00:00","dateModified":"2022-09-12T11:04:19+00:00","description":"AMB Stuttgart 2022. A cada dois anos, desde 1982, a AMB apresenta os destaques da ind\u00fastria metalmec\u00e2nica internacional.","breadcrumb":{"@id":"https:\/\/maquinser.com\/pt-pt\/amb-stuttgart-2022\/#breadcrumb"},"inLanguage":"pt-PT","potentialAction":[{"@type":"ReadAction","target":["https:\/\/maquinser.com\/pt-pt\/amb-stuttgart-2022\/"]}]},{"@type":"ImageObject","inLanguage":"pt-PT","@id":"https:\/\/maquinser.com\/pt-pt\/amb-stuttgart-2022\/#primaryimage","url":"https:\/\/maquinser.com\/wp-content\/uploads\/2022\/09\/AMB-Stuttgart_2022-03-1-scaled.jpg","contentUrl":"https:\/\/maquinser.com\/wp-content\/uploads\/2022\/09\/AMB-Stuttgart_2022-03-1-scaled.jpg","width":2560,"height":1275},{"@type":"BreadcrumbList","@id":"https:\/\/maquinser.com\/pt-pt\/amb-stuttgart-2022\/#breadcrumb","itemListElement":[{"@type":"ListItem","position":1,"name":"Portada","item":"https:\/\/maquinser.com\/pt-pt\/"},{"@type":"ListItem","position":2,"name":"AMB Stuttgart 2022"}]},{"@type":"WebSite","@id":"https:\/\/maquinser.com\/pt-pt\/#website","url":"https:\/\/maquinser.com\/pt-pt\/","name":"Maquinser - Maquinaria y Servicios para la Industria Metalmec\u00e1nica","description":"","publisher":{"@id":"https:\/\/maquinser.com\/pt-pt\/#organization"},"potentialAction":[{"@type":"SearchAction","target":{"@type":"EntryPoint","urlTemplate":"https:\/\/maquinser.com\/pt-pt\/?s={search_term_string}"},"query-input":{"@type":"PropertyValueSpecification","valueRequired":true,"valueName":"search_term_string"}}],"inLanguage":"pt-PT"},{"@type":"Organization","@id":"https:\/\/maquinser.com\/pt-pt\/#organization","name":"Maquinser","url":"https:\/\/maquinser.com\/pt-pt\/","logo":{"@type":"ImageObject","inLanguage":"pt-PT","@id":"https:\/\/maquinser.com\/pt-pt\/#\/schema\/logo\/image\/","url":"http:\/\/maquinser.com\/wp-content\/uploads\/2016\/10\/MAQUINSER_Logo_oficial.jpg","contentUrl":"http:\/\/maquinser.com\/wp-content\/uploads\/2016\/10\/MAQUINSER_Logo_oficial.jpg","width":1411,"height":326,"caption":"Maquinser"},"image":{"@id":"https:\/\/maquinser.com\/pt-pt\/#\/schema\/logo\/image\/"},"sameAs":["http:\/\/fb.me\/Maquinser","https:\/\/x.com\/Maquinser","http:\/\/maquinser20s.a."]},{"@type":"Person","@id":"https:\/\/maquinser.com\/pt-pt\/#\/schema\/person\/ae605362e83ef1d716834c674a782328","name":"Joan","image":{"@type":"ImageObject","inLanguage":"pt-PT","@id":"https:\/\/secure.gravatar.com\/avatar\/0f6b39506da59a35208ad4b294a2a8531e650488ab28a2b5d4f9367d26bebcaf?s=96&d=mm&r=g","url":"https:\/\/secure.gravatar.com\/avatar\/0f6b39506da59a35208ad4b294a2a8531e650488ab28a2b5d4f9367d26bebcaf?s=96&d=mm&r=g","contentUrl":"https:\/\/secure.gravatar.com\/avatar\/0f6b39506da59a35208ad4b294a2a8531e650488ab28a2b5d4f9367d26bebcaf?s=96&d=mm&r=g","caption":"Joan"},"url":"https:\/\/maquinser.com\/pt-pt\/author\/marketing\/"}]}},"_links":{"self":[{"href":"https:\/\/maquinser.com\/pt-pt\/wp-json\/wp\/v2\/posts\/11187","targetHints":{"allow":["GET"]}}],"collection":[{"href":"https:\/\/maquinser.com\/pt-pt\/wp-json\/wp\/v2\/posts"}],"about":[{"href":"https:\/\/maquinser.com\/pt-pt\/wp-json\/wp\/v2\/types\/post"}],"author":[{"embeddable":true,"href":"https:\/\/maquinser.com\/pt-pt\/wp-json\/wp\/v2\/users\/2"}],"replies":[{"embeddable":true,"href":"https:\/\/maquinser.com\/pt-pt\/wp-json\/wp\/v2\/comments?post=11187"}],"version-history":[{"count":2,"href":"https:\/\/maquinser.com\/pt-pt\/wp-json\/wp\/v2\/posts\/11187\/revisions"}],"predecessor-version":[{"id":11189,"href":"https:\/\/maquinser.com\/pt-pt\/wp-json\/wp\/v2\/posts\/11187\/revisions\/11189"}],"wp:featuredmedia":[{"embeddable":true,"href":"https:\/\/maquinser.com\/pt-pt\/wp-json\/wp\/v2\/media\/11178"}],"wp:attachment":[{"href":"https:\/\/maquinser.com\/pt-pt\/wp-json\/wp\/v2\/media?parent=11187"}],"wp:term":[{"taxonomy":"category","embeddable":true,"href":"https:\/\/maquinser.com\/pt-pt\/wp-json\/wp\/v2\/categories?post=11187"},{"taxonomy":"post_tag","embeddable":true,"href":"https:\/\/maquinser.com\/pt-pt\/wp-json\/wp\/v2\/tags?post=11187"},{"taxonomy":"post_series","embeddable":true,"href":"https:\/\/maquinser.com\/pt-pt\/wp-json\/wp\/v2\/post_series?post=11187"}],"curies":[{"name":"wp","href":"https:\/\/api.w.org\/{rel}","templated":true}]}}