{"id":4335,"date":"2017-11-13T18:20:27","date_gmt":"2017-11-13T17:20:27","guid":{"rendered":"http:\/\/maquinser.com\/feria-de-la-maquina-herramienta-portuguesa-moldplas-2017\/"},"modified":"2017-12-14T10:07:47","modified_gmt":"2017-12-14T09:07:47","slug":"feria-de-la-maquina-herramienta-portuguesa-moldplas-2017-2","status":"publish","type":"post","link":"https:\/\/maquinser.com\/en\/feria-de-la-maquina-herramienta-portuguesa-moldplas-2017-2\/","title":{"rendered":"Portuguese Machine Tool Exhibition MoldPlas 2017"},"content":{"rendered":"<p>The Portuguese Machine Tool Exhibition MoldPlas 2017 concluded last November 11th after 4 intense days of visits by professionals from the machine tool and additive manufacturing sector.<\/p>\n<p>Our stand visitors had the opportunity to receive information from our personnel about our featured products of 2017;<\/p>\n<p>Matsuura MX330, machining a heart of metal;<\/p>\n<div class=\"wpex-responsive-media\"><iframe loading=\"lazy\" width=\"980\" height=\"551\" src=\"https:\/\/www.youtube.com\/embed\/BU5LVuyKg0c?feature=oembed\"  gesture=\"media\" allow=\"encrypted-media\" allowfullscreen><\/iframe><\/div>\n<p>Matsuura VX-1000<\/p>\n<div class=\"wpex-responsive-media\"><iframe loading=\"lazy\" width=\"980\" height=\"551\" src=\"https:\/\/www.youtube.com\/embed\/92u2sH0F77Y?feature=oembed\"  gesture=\"media\" allow=\"encrypted-media\" allowfullscreen><\/iframe><\/div>\n<p>Datron Neo<\/p>\n<div class=\"wpex-responsive-media\"><iframe loading=\"lazy\" width=\"980\" height=\"551\" src=\"https:\/\/www.youtube.com\/embed\/q8h0aDS0NF4?feature=oembed\"  gesture=\"media\" allow=\"encrypted-media\" allowfullscreen><\/iframe><\/div>\n<p>&nbsp;<\/p>\n<p>Muratec MD120 with Twin Spindle and Live Tool<\/p>\n<p><a href=\"http:\/\/maquinser.com\/wp-content\/uploads\/2017\/11\/Muratec-MD120.jpg\"><img loading=\"lazy\" decoding=\"async\" class=\"alignnone wp-image-3720 size-large\" title=\"Muratec MD120\" src=\"http:\/\/maquinser.com\/wp-content\/uploads\/2017\/11\/Muratec-MD120-1024x771.jpg\" alt=\"Muratec MD120\" width=\"980\" height=\"738\" \/><\/a><\/p>\n<p>&nbsp;<\/p>\n","protected":false},"excerpt":{"rendered":"<p>The Portuguese Machine Tool Exhibition MoldPlas 2017 concluded last November 11th after 4 intense days of visits by professionals from the machine tool and additive manufacturing sector. Our stand visitors had the opportunity to receive information from our personnel about our featured products of 2017; Matsuura MX330, machining a heart of metal; Matsuura VX-1000 Datron&hellip;<\/p>\n","protected":false},"author":2,"featured_media":4350,"comment_status":"closed","ping_status":"open","sticky":false,"template":"","format":"standard","meta":{"footnotes":""},"categories":[70],"tags":[],"post_series":[],"class_list":["post-4335","post","type-post","status-publish","format-standard","has-post-thumbnail","hentry","category-news","entry","has-media"],"yoast_head":"<!-- This site is optimized with the Yoast SEO plugin v27.5 - https:\/\/yoast.com\/product\/yoast-seo-wordpress\/ -->\n<title>Feria de la M\u00e1quina Herramienta Portuguesa MoldPlas 2017<\/title>\n<meta name=\"description\" content=\"La Feria de la M\u00e1quina Herramienta Portuguesa MoldPlas 2017 concluy\u00f3 con numerosas visitas de profesionales del sector de la m\u00e1quina herramienta\" \/>\n<meta name=\"robots\" content=\"index, follow, max-snippet:-1, max-image-preview:large, max-video-preview:-1\" \/>\n<link rel=\"canonical\" href=\"https:\/\/maquinser.com\/en\/feria-de-la-maquina-herramienta-portuguesa-moldplas-2017-2\/\" \/>\n<meta property=\"og:locale\" content=\"en_US\" \/>\n<meta property=\"og:type\" content=\"article\" \/>\n<meta property=\"og:title\" content=\"Feria de la M\u00e1quina Herramienta Portuguesa MoldPlas 2017\" \/>\n<meta property=\"og:description\" content=\"La Feria de la M\u00e1quina Herramienta Portuguesa MoldPlas 2017 concluy\u00f3 con numerosas visitas de profesionales del sector de la m\u00e1quina herramienta\" \/>\n<meta property=\"og:url\" content=\"https:\/\/maquinser.com\/en\/feria-de-la-maquina-herramienta-portuguesa-moldplas-2017-2\/\" \/>\n<meta property=\"og:site_name\" content=\"Maquinser - Maquinaria y Servicios para la Industria Metalmec\u00e1nica\" \/>\n<meta property=\"article:publisher\" content=\"http:\/\/fb.me\/Maquinser\" \/>\n<meta property=\"article:published_time\" content=\"2017-11-13T17:20:27+00:00\" \/>\n<meta property=\"article:modified_time\" content=\"2017-12-14T09:07:47+00:00\" \/>\n<meta property=\"og:image\" content=\"https:\/\/maquinser.com\/wp-content\/uploads\/2017\/11\/Exposalao2.png\" \/>\n\t<meta property=\"og:image:width\" content=\"588\" \/>\n\t<meta property=\"og:image:height\" content=\"288\" \/>\n\t<meta property=\"og:image:type\" content=\"image\/png\" \/>\n<meta name=\"author\" content=\"Joan\" \/>\n<meta name=\"twitter:card\" content=\"summary_large_image\" \/>\n<meta name=\"twitter:creator\" content=\"@Maquinser\" \/>\n<meta name=\"twitter:site\" content=\"@Maquinser\" \/>\n<meta name=\"twitter:label1\" content=\"Written by\" \/>\n\t<meta name=\"twitter:data1\" content=\"Joan\" \/>\n<script type=\"application\/ld+json\" class=\"yoast-schema-graph\">{\"@context\":\"https:\\\/\\\/schema.org\",\"@graph\":[{\"@type\":\"Article\",\"@id\":\"https:\\\/\\\/maquinser.com\\\/en\\\/feria-de-la-maquina-herramienta-portuguesa-moldplas-2017-2\\\/#article\",\"isPartOf\":{\"@id\":\"https:\\\/\\\/maquinser.com\\\/en\\\/feria-de-la-maquina-herramienta-portuguesa-moldplas-2017-2\\\/\"},\"author\":{\"name\":\"Joan\",\"@id\":\"https:\\\/\\\/maquinser.com\\\/en\\\/#\\\/schema\\\/person\\\/ae605362e83ef1d716834c674a782328\"},\"headline\":\"Portuguese Machine Tool Exhibition MoldPlas 2017\",\"datePublished\":\"2017-11-13T17:20:27+00:00\",\"dateModified\":\"2017-12-14T09:07:47+00:00\",\"mainEntityOfPage\":{\"@id\":\"https:\\\/\\\/maquinser.com\\\/en\\\/feria-de-la-maquina-herramienta-portuguesa-moldplas-2017-2\\\/\"},\"wordCount\":97,\"publisher\":{\"@id\":\"https:\\\/\\\/maquinser.com\\\/en\\\/#organization\"},\"image\":{\"@id\":\"https:\\\/\\\/maquinser.com\\\/en\\\/feria-de-la-maquina-herramienta-portuguesa-moldplas-2017-2\\\/#primaryimage\"},\"thumbnailUrl\":\"https:\\\/\\\/maquinser.com\\\/wp-content\\\/uploads\\\/2017\\\/11\\\/Exposalao2.png\",\"articleSection\":[\"News\"],\"inLanguage\":\"en-US\"},{\"@type\":\"WebPage\",\"@id\":\"https:\\\/\\\/maquinser.com\\\/en\\\/feria-de-la-maquina-herramienta-portuguesa-moldplas-2017-2\\\/\",\"url\":\"https:\\\/\\\/maquinser.com\\\/en\\\/feria-de-la-maquina-herramienta-portuguesa-moldplas-2017-2\\\/\",\"name\":\"Feria de la M\u00e1quina Herramienta Portuguesa MoldPlas 2017\",\"isPartOf\":{\"@id\":\"https:\\\/\\\/maquinser.com\\\/en\\\/#website\"},\"primaryImageOfPage\":{\"@id\":\"https:\\\/\\\/maquinser.com\\\/en\\\/feria-de-la-maquina-herramienta-portuguesa-moldplas-2017-2\\\/#primaryimage\"},\"image\":{\"@id\":\"https:\\\/\\\/maquinser.com\\\/en\\\/feria-de-la-maquina-herramienta-portuguesa-moldplas-2017-2\\\/#primaryimage\"},\"thumbnailUrl\":\"https:\\\/\\\/maquinser.com\\\/wp-content\\\/uploads\\\/2017\\\/11\\\/Exposalao2.png\",\"datePublished\":\"2017-11-13T17:20:27+00:00\",\"dateModified\":\"2017-12-14T09:07:47+00:00\",\"description\":\"La Feria de la M\u00e1quina Herramienta Portuguesa MoldPlas 2017 concluy\u00f3 con numerosas visitas de profesionales del sector de la m\u00e1quina herramienta\",\"breadcrumb\":{\"@id\":\"https:\\\/\\\/maquinser.com\\\/en\\\/feria-de-la-maquina-herramienta-portuguesa-moldplas-2017-2\\\/#breadcrumb\"},\"inLanguage\":\"en-US\",\"potentialAction\":[{\"@type\":\"ReadAction\",\"target\":[\"https:\\\/\\\/maquinser.com\\\/en\\\/feria-de-la-maquina-herramienta-portuguesa-moldplas-2017-2\\\/\"]}]},{\"@type\":\"ImageObject\",\"inLanguage\":\"en-US\",\"@id\":\"https:\\\/\\\/maquinser.com\\\/en\\\/feria-de-la-maquina-herramienta-portuguesa-moldplas-2017-2\\\/#primaryimage\",\"url\":\"https:\\\/\\\/maquinser.com\\\/wp-content\\\/uploads\\\/2017\\\/11\\\/Exposalao2.png\",\"contentUrl\":\"https:\\\/\\\/maquinser.com\\\/wp-content\\\/uploads\\\/2017\\\/11\\\/Exposalao2.png\",\"width\":588,\"height\":288},{\"@type\":\"BreadcrumbList\",\"@id\":\"https:\\\/\\\/maquinser.com\\\/en\\\/feria-de-la-maquina-herramienta-portuguesa-moldplas-2017-2\\\/#breadcrumb\",\"itemListElement\":[{\"@type\":\"ListItem\",\"position\":1,\"name\":\"Portada\",\"item\":\"https:\\\/\\\/maquinser.com\\\/en\\\/\"},{\"@type\":\"ListItem\",\"position\":2,\"name\":\"Portuguese Machine Tool Exhibition&hellip;\"}]},{\"@type\":\"WebSite\",\"@id\":\"https:\\\/\\\/maquinser.com\\\/en\\\/#website\",\"url\":\"https:\\\/\\\/maquinser.com\\\/en\\\/\",\"name\":\"Maquinser - Maquinaria y Servicios para la Industria Metalmec\u00e1nica\",\"description\":\"\",\"publisher\":{\"@id\":\"https:\\\/\\\/maquinser.com\\\/en\\\/#organization\"},\"potentialAction\":[{\"@type\":\"SearchAction\",\"target\":{\"@type\":\"EntryPoint\",\"urlTemplate\":\"https:\\\/\\\/maquinser.com\\\/en\\\/?s={search_term_string}\"},\"query-input\":{\"@type\":\"PropertyValueSpecification\",\"valueRequired\":true,\"valueName\":\"search_term_string\"}}],\"inLanguage\":\"en-US\"},{\"@type\":\"Organization\",\"@id\":\"https:\\\/\\\/maquinser.com\\\/en\\\/#organization\",\"name\":\"Maquinser\",\"url\":\"https:\\\/\\\/maquinser.com\\\/en\\\/\",\"logo\":{\"@type\":\"ImageObject\",\"inLanguage\":\"en-US\",\"@id\":\"https:\\\/\\\/maquinser.com\\\/en\\\/#\\\/schema\\\/logo\\\/image\\\/\",\"url\":\"http:\\\/\\\/maquinser.com\\\/wp-content\\\/uploads\\\/2016\\\/10\\\/MAQUINSER_Logo_oficial.jpg\",\"contentUrl\":\"http:\\\/\\\/maquinser.com\\\/wp-content\\\/uploads\\\/2016\\\/10\\\/MAQUINSER_Logo_oficial.jpg\",\"width\":1411,\"height\":326,\"caption\":\"Maquinser\"},\"image\":{\"@id\":\"https:\\\/\\\/maquinser.com\\\/en\\\/#\\\/schema\\\/logo\\\/image\\\/\"},\"sameAs\":[\"http:\\\/\\\/fb.me\\\/Maquinser\",\"https:\\\/\\\/x.com\\\/Maquinser\",\"http:\\\/\\\/maquinser20s.a.\"]},{\"@type\":\"Person\",\"@id\":\"https:\\\/\\\/maquinser.com\\\/en\\\/#\\\/schema\\\/person\\\/ae605362e83ef1d716834c674a782328\",\"name\":\"Joan\",\"image\":{\"@type\":\"ImageObject\",\"inLanguage\":\"en-US\",\"@id\":\"https:\\\/\\\/secure.gravatar.com\\\/avatar\\\/0f6b39506da59a35208ad4b294a2a8531e650488ab28a2b5d4f9367d26bebcaf?s=96&d=mm&r=g\",\"url\":\"https:\\\/\\\/secure.gravatar.com\\\/avatar\\\/0f6b39506da59a35208ad4b294a2a8531e650488ab28a2b5d4f9367d26bebcaf?s=96&d=mm&r=g\",\"contentUrl\":\"https:\\\/\\\/secure.gravatar.com\\\/avatar\\\/0f6b39506da59a35208ad4b294a2a8531e650488ab28a2b5d4f9367d26bebcaf?s=96&d=mm&r=g\",\"caption\":\"Joan\"},\"url\":\"https:\\\/\\\/maquinser.com\\\/en\\\/author\\\/marketing\\\/\"}]}<\/script>\n<!-- \/ Yoast SEO plugin. -->","yoast_head_json":{"title":"Feria de la M\u00e1quina Herramienta Portuguesa MoldPlas 2017","description":"La Feria de la M\u00e1quina Herramienta Portuguesa MoldPlas 2017 concluy\u00f3 con numerosas visitas de profesionales del sector de la m\u00e1quina herramienta","robots":{"index":"index","follow":"follow","max-snippet":"max-snippet:-1","max-image-preview":"max-image-preview:large","max-video-preview":"max-video-preview:-1"},"canonical":"https:\/\/maquinser.com\/en\/feria-de-la-maquina-herramienta-portuguesa-moldplas-2017-2\/","og_locale":"en_US","og_type":"article","og_title":"Feria de la M\u00e1quina Herramienta Portuguesa MoldPlas 2017","og_description":"La Feria de la M\u00e1quina Herramienta Portuguesa MoldPlas 2017 concluy\u00f3 con numerosas visitas de profesionales del sector de la m\u00e1quina herramienta","og_url":"https:\/\/maquinser.com\/en\/feria-de-la-maquina-herramienta-portuguesa-moldplas-2017-2\/","og_site_name":"Maquinser - Maquinaria y Servicios para la Industria Metalmec\u00e1nica","article_publisher":"http:\/\/fb.me\/Maquinser","article_published_time":"2017-11-13T17:20:27+00:00","article_modified_time":"2017-12-14T09:07:47+00:00","og_image":[{"width":588,"height":288,"url":"https:\/\/maquinser.com\/wp-content\/uploads\/2017\/11\/Exposalao2.png","type":"image\/png"}],"author":"Joan","twitter_card":"summary_large_image","twitter_creator":"@Maquinser","twitter_site":"@Maquinser","twitter_misc":{"Written by":"Joan"},"schema":{"@context":"https:\/\/schema.org","@graph":[{"@type":"Article","@id":"https:\/\/maquinser.com\/en\/feria-de-la-maquina-herramienta-portuguesa-moldplas-2017-2\/#article","isPartOf":{"@id":"https:\/\/maquinser.com\/en\/feria-de-la-maquina-herramienta-portuguesa-moldplas-2017-2\/"},"author":{"name":"Joan","@id":"https:\/\/maquinser.com\/en\/#\/schema\/person\/ae605362e83ef1d716834c674a782328"},"headline":"Portuguese Machine Tool Exhibition MoldPlas 2017","datePublished":"2017-11-13T17:20:27+00:00","dateModified":"2017-12-14T09:07:47+00:00","mainEntityOfPage":{"@id":"https:\/\/maquinser.com\/en\/feria-de-la-maquina-herramienta-portuguesa-moldplas-2017-2\/"},"wordCount":97,"publisher":{"@id":"https:\/\/maquinser.com\/en\/#organization"},"image":{"@id":"https:\/\/maquinser.com\/en\/feria-de-la-maquina-herramienta-portuguesa-moldplas-2017-2\/#primaryimage"},"thumbnailUrl":"https:\/\/maquinser.com\/wp-content\/uploads\/2017\/11\/Exposalao2.png","articleSection":["News"],"inLanguage":"en-US"},{"@type":"WebPage","@id":"https:\/\/maquinser.com\/en\/feria-de-la-maquina-herramienta-portuguesa-moldplas-2017-2\/","url":"https:\/\/maquinser.com\/en\/feria-de-la-maquina-herramienta-portuguesa-moldplas-2017-2\/","name":"Feria de la M\u00e1quina Herramienta Portuguesa MoldPlas 2017","isPartOf":{"@id":"https:\/\/maquinser.com\/en\/#website"},"primaryImageOfPage":{"@id":"https:\/\/maquinser.com\/en\/feria-de-la-maquina-herramienta-portuguesa-moldplas-2017-2\/#primaryimage"},"image":{"@id":"https:\/\/maquinser.com\/en\/feria-de-la-maquina-herramienta-portuguesa-moldplas-2017-2\/#primaryimage"},"thumbnailUrl":"https:\/\/maquinser.com\/wp-content\/uploads\/2017\/11\/Exposalao2.png","datePublished":"2017-11-13T17:20:27+00:00","dateModified":"2017-12-14T09:07:47+00:00","description":"La Feria de la M\u00e1quina Herramienta Portuguesa MoldPlas 2017 concluy\u00f3 con numerosas visitas de profesionales del sector de la m\u00e1quina herramienta","breadcrumb":{"@id":"https:\/\/maquinser.com\/en\/feria-de-la-maquina-herramienta-portuguesa-moldplas-2017-2\/#breadcrumb"},"inLanguage":"en-US","potentialAction":[{"@type":"ReadAction","target":["https:\/\/maquinser.com\/en\/feria-de-la-maquina-herramienta-portuguesa-moldplas-2017-2\/"]}]},{"@type":"ImageObject","inLanguage":"en-US","@id":"https:\/\/maquinser.com\/en\/feria-de-la-maquina-herramienta-portuguesa-moldplas-2017-2\/#primaryimage","url":"https:\/\/maquinser.com\/wp-content\/uploads\/2017\/11\/Exposalao2.png","contentUrl":"https:\/\/maquinser.com\/wp-content\/uploads\/2017\/11\/Exposalao2.png","width":588,"height":288},{"@type":"BreadcrumbList","@id":"https:\/\/maquinser.com\/en\/feria-de-la-maquina-herramienta-portuguesa-moldplas-2017-2\/#breadcrumb","itemListElement":[{"@type":"ListItem","position":1,"name":"Portada","item":"https:\/\/maquinser.com\/en\/"},{"@type":"ListItem","position":2,"name":"Portuguese Machine Tool Exhibition&hellip;"}]},{"@type":"WebSite","@id":"https:\/\/maquinser.com\/en\/#website","url":"https:\/\/maquinser.com\/en\/","name":"Maquinser - Maquinaria y Servicios para la Industria Metalmec\u00e1nica","description":"","publisher":{"@id":"https:\/\/maquinser.com\/en\/#organization"},"potentialAction":[{"@type":"SearchAction","target":{"@type":"EntryPoint","urlTemplate":"https:\/\/maquinser.com\/en\/?s={search_term_string}"},"query-input":{"@type":"PropertyValueSpecification","valueRequired":true,"valueName":"search_term_string"}}],"inLanguage":"en-US"},{"@type":"Organization","@id":"https:\/\/maquinser.com\/en\/#organization","name":"Maquinser","url":"https:\/\/maquinser.com\/en\/","logo":{"@type":"ImageObject","inLanguage":"en-US","@id":"https:\/\/maquinser.com\/en\/#\/schema\/logo\/image\/","url":"http:\/\/maquinser.com\/wp-content\/uploads\/2016\/10\/MAQUINSER_Logo_oficial.jpg","contentUrl":"http:\/\/maquinser.com\/wp-content\/uploads\/2016\/10\/MAQUINSER_Logo_oficial.jpg","width":1411,"height":326,"caption":"Maquinser"},"image":{"@id":"https:\/\/maquinser.com\/en\/#\/schema\/logo\/image\/"},"sameAs":["http:\/\/fb.me\/Maquinser","https:\/\/x.com\/Maquinser","http:\/\/maquinser20s.a."]},{"@type":"Person","@id":"https:\/\/maquinser.com\/en\/#\/schema\/person\/ae605362e83ef1d716834c674a782328","name":"Joan","image":{"@type":"ImageObject","inLanguage":"en-US","@id":"https:\/\/secure.gravatar.com\/avatar\/0f6b39506da59a35208ad4b294a2a8531e650488ab28a2b5d4f9367d26bebcaf?s=96&d=mm&r=g","url":"https:\/\/secure.gravatar.com\/avatar\/0f6b39506da59a35208ad4b294a2a8531e650488ab28a2b5d4f9367d26bebcaf?s=96&d=mm&r=g","contentUrl":"https:\/\/secure.gravatar.com\/avatar\/0f6b39506da59a35208ad4b294a2a8531e650488ab28a2b5d4f9367d26bebcaf?s=96&d=mm&r=g","caption":"Joan"},"url":"https:\/\/maquinser.com\/en\/author\/marketing\/"}]}},"_links":{"self":[{"href":"https:\/\/maquinser.com\/en\/wp-json\/wp\/v2\/posts\/4335","targetHints":{"allow":["GET"]}}],"collection":[{"href":"https:\/\/maquinser.com\/en\/wp-json\/wp\/v2\/posts"}],"about":[{"href":"https:\/\/maquinser.com\/en\/wp-json\/wp\/v2\/types\/post"}],"author":[{"embeddable":true,"href":"https:\/\/maquinser.com\/en\/wp-json\/wp\/v2\/users\/2"}],"replies":[{"embeddable":true,"href":"https:\/\/maquinser.com\/en\/wp-json\/wp\/v2\/comments?post=4335"}],"version-history":[{"count":1,"href":"https:\/\/maquinser.com\/en\/wp-json\/wp\/v2\/posts\/4335\/revisions"}],"predecessor-version":[{"id":4345,"href":"https:\/\/maquinser.com\/en\/wp-json\/wp\/v2\/posts\/4335\/revisions\/4345"}],"wp:featuredmedia":[{"embeddable":true,"href":"https:\/\/maquinser.com\/en\/wp-json\/wp\/v2\/media\/4350"}],"wp:attachment":[{"href":"https:\/\/maquinser.com\/en\/wp-json\/wp\/v2\/media?parent=4335"}],"wp:term":[{"taxonomy":"category","embeddable":true,"href":"https:\/\/maquinser.com\/en\/wp-json\/wp\/v2\/categories?post=4335"},{"taxonomy":"post_tag","embeddable":true,"href":"https:\/\/maquinser.com\/en\/wp-json\/wp\/v2\/tags?post=4335"},{"taxonomy":"post_series","embeddable":true,"href":"https:\/\/maquinser.com\/en\/wp-json\/wp\/v2\/post_series?post=4335"}],"curies":[{"name":"wp","href":"https:\/\/api.w.org\/{rel}","templated":true}]}}